{"id":38795,"date":"2025-10-06T11:25:42","date_gmt":"2025-10-06T10:25:42","guid":{"rendered":"https:\/\/letempsmag.ma\/?p=38795"},"modified":"2025-10-06T11:25:42","modified_gmt":"2025-10-06T10:25:42","slug":"maroc-ue-laccord-agricole-est-amende","status":"publish","type":"post","link":"https:\/\/letempsmag.ma\/?p=38795","title":{"rendered":"Maroc-UE\u00a0: l\u2019accord agricole est amend\u00e9\u00a0"},"content":{"rendered":"\n<p>Le si\u00e8ge de la Commission europ\u00e9enne \u00e0 Bruxelles a abrit\u00e9 hier, la c\u00e9r\u00e9monie de signature de l\u2019\u00e9change de lettres amendant l\u2019accord agricole liant le Maroc et l\u2019UE. L\u2019accord a \u00e9t\u00e9 sign\u00e9, du c\u00f4t\u00e9 marocain par l\u2019ambassadeur du Maroc aupr\u00e8s de l\u2019UE, Ahmed R\u00e9da Chami, entre imm\u00e9diatement en application provisoire, en attendant la finalisation des proc\u00e9dures internes des deux parties.<\/p>\n\n\n\n<p>En vertu de cet accord, les produits agricoles des provinces du Sud b\u00e9n\u00e9ficient des m\u00eames conditions d\u2019acc\u00e8s pr\u00e9f\u00e9rentiel au march\u00e9 europ\u00e9en que ceux du reste du Royaume, conform\u00e9ment \u00e0 l\u2019Accord d\u2019Association Maroc-UE.&nbsp;<\/p>\n\n\n\n<p>Conclu dans le m\u00eame esprit de l\u2019\u00e9change de lettres sign\u00e9 en 2018 entre les deux parties, le texte vient ainsi conforter une relation commerciale forte et consolider un partenariat solide et dense, le Royaume du Maroc \u00e9tant le principal partenaire \u00e9conomique de l\u2019UE en Afrique et dans le monde arabe.<\/p>\n\n\n\n<p>Dans une d\u00e9claration, le haut responsable marocain a soulign\u00e9 que le Maroc et l\u2019Union Europ\u00e9enne (UE) entrevoient l\u2019avenir de leurs relations bilat\u00e9rales avec confiance et une volont\u00e9 sinc\u00e8re et forte de construire un partenariat d\u2019excellence. M. Chami s\u2019est f\u00e9licit\u00e9 de cet accord qui consacre le maintien des pr\u00e9f\u00e9rences tarifaires en faveur des produits issus des provinces du Sud du Royaume. \u00abLes n\u00e9gociations, qui ont conduit \u00e0 ce r\u00e9sultat, ont \u00e9t\u00e9 men\u00e9es dans un esprit de responsabilit\u00e9 et de respect des int\u00e9r\u00eats essentiels de notre pays, tout en privil\u00e9giant une approche constructive et tourn\u00e9e vers l\u2019avenir avec nos voisins europ\u00e9ens\u00bb, a-t-il dit.<\/p>\n","protected":false},"excerpt":{"rendered":"<p>Le si\u00e8ge de la Commission europ\u00e9enne \u00e0 Bruxelles a abrit\u00e9 hier, la c\u00e9r\u00e9monie de signature de l\u2019\u00e9change de lettres amendant l\u2019accord agricole liant le Maroc et l\u2019UE. L\u2019accord a \u00e9t\u00e9 sign\u00e9, du c\u00f4t\u00e9 marocain par l\u2019ambassadeur du Maroc aupr\u00e8s de l\u2019UE, Ahmed R\u00e9da Chami, entre imm\u00e9diatement en application provisoire, en attendant la finalisation des proc\u00e9dures &hellip;<\/p>\n","protected":false},"author":9,"featured_media":38773,"comment_status":"open","ping_status":"closed","sticky":false,"template":"","format":"standard","meta":{"footnotes":""},"categories":[118],"tags":[],"class_list":["post-38795","post","type-post","status-publish","format-standard","has-post-thumbnail","hentry","category-diplomatie"],"_links":{"self":[{"href":"https:\/\/letempsmag.ma\/index.php?rest_route=\/wp\/v2\/posts\/38795","targetHints":{"allow":["GET"]}}],"collection":[{"href":"https:\/\/letempsmag.ma\/index.php?rest_route=\/wp\/v2\/posts"}],"about":[{"href":"https:\/\/letempsmag.ma\/index.php?rest_route=\/wp\/v2\/types\/post"}],"author":[{"embeddable":true,"href":"https:\/\/letempsmag.ma\/index.php?rest_route=\/wp\/v2\/users\/9"}],"replies":[{"embeddable":true,"href":"https:\/\/letempsmag.ma\/index.php?rest_route=%2Fwp%2Fv2%2Fcomments&post=38795"}],"version-history":[{"count":1,"href":"https:\/\/letempsmag.ma\/index.php?rest_route=\/wp\/v2\/posts\/38795\/revisions"}],"predecessor-version":[{"id":38796,"href":"https:\/\/letempsmag.ma\/index.php?rest_route=\/wp\/v2\/posts\/38795\/revisions\/38796"}],"wp:featuredmedia":[{"embeddable":true,"href":"https:\/\/letempsmag.ma\/index.php?rest_route=\/wp\/v2\/media\/38773"}],"wp:attachment":[{"href":"https:\/\/letempsmag.ma\/index.php?rest_route=%2Fwp%2Fv2%2Fmedia&parent=38795"}],"wp:term":[{"taxonomy":"category","embeddable":true,"href":"https:\/\/letempsmag.ma\/index.php?rest_route=%2Fwp%2Fv2%2Fcategories&post=38795"},{"taxonomy":"post_tag","embeddable":true,"href":"https:\/\/letempsmag.ma\/index.php?rest_route=%2Fwp%2Fv2%2Ftags&post=38795"}],"curies":[{"name":"wp","href":"https:\/\/api.w.org\/{rel}","templated":true}]}}