{"id":38791,"date":"2025-10-06T11:23:38","date_gmt":"2025-10-06T10:23:38","guid":{"rendered":"https:\/\/letempsmag.ma\/?p=38791"},"modified":"2025-10-06T11:23:38","modified_gmt":"2025-10-06T10:23:38","slug":"acer-renforce-sa-presence-au-maroc-via-disty-technologies","status":"publish","type":"post","link":"https:\/\/letempsmag.ma\/?p=38791","title":{"rendered":"Acer renforce sa pr\u00e9sence au Maroc via Disty Technologies"},"content":{"rendered":"\n<p>Prenant appui sur son partenaire Disty Technologies, la marque Acer entend renforcer sa pr\u00e9sence sur le march\u00e9 au Maroc. Elle compte sur cet acteur incontournable de la distribution IT afin de d\u00e9ployer sa strat\u00e9gie commerciale, ses offres produits et porter la vision et l\u2019engagement de la marque sur le territoire. A travers ce partenariat strat\u00e9gique, Disty Technologies compte proposer aux consommateurs marocains des produits performants accompagn\u00e9s d\u2019un service apr\u00e8s-vente fiable et accessible.<\/p>\n\n\n\n<p>\u00abChez Disty Technologies, nous avons toujours eu pour ambition d\u2019offrir au march\u00e9 marocain une large palette de solutions IT, issues des plus grandes marques internationales. L\u2019arriv\u00e9e d\u2019Acer vient enrichir notre portefeuille d\u00e9j\u00e0 diversifi\u00e9 et renforcer notre position en tant que distributeur de r\u00e9f\u00e9rence\u00bb, explique Youness El Himdy (\u00e0 droite sur la photo), Directeur G\u00e9n\u00e9ral de Disty Technologies.<\/p>\n\n\n\n<p>Pour sa part, Angelo D\u2019Ambrosio, Directeur de la r\u00e9gion Europe du Sud et Afrique du nord chez Acer, d\u00e9clare&nbsp;: \u00abLe Maroc est un march\u00e9 incontournable dans notre d\u00e9veloppement en Afrique. Je suis heureux de pouvoir compter sur l\u2019expertise de Disty Technologies. Sa connaissance du terrain et son lien privil\u00e9gi\u00e9 avec les revendeurs font de Disty Technologies le partenaire id\u00e9al pour d\u00e9velopper la marque Acer\u00bb.<\/p>\n","protected":false},"excerpt":{"rendered":"<p>Prenant appui sur son partenaire Disty Technologies, la marque Acer entend renforcer sa pr\u00e9sence sur le march\u00e9 au Maroc. Elle compte sur cet acteur incontournable de la distribution IT afin de d\u00e9ployer sa strat\u00e9gie commerciale, ses offres produits et porter la vision et l\u2019engagement de la marque sur le territoire. A travers ce partenariat strat\u00e9gique, &hellip;<\/p>\n","protected":false},"author":9,"featured_media":38774,"comment_status":"open","ping_status":"closed","sticky":false,"template":"","format":"standard","meta":{"footnotes":""},"categories":[573],"tags":[],"class_list":["post-38791","post","type-post","status-publish","format-standard","has-post-thumbnail","hentry","category-high-tech-2"],"_links":{"self":[{"href":"https:\/\/letempsmag.ma\/index.php?rest_route=\/wp\/v2\/posts\/38791","targetHints":{"allow":["GET"]}}],"collection":[{"href":"https:\/\/letempsmag.ma\/index.php?rest_route=\/wp\/v2\/posts"}],"about":[{"href":"https:\/\/letempsmag.ma\/index.php?rest_route=\/wp\/v2\/types\/post"}],"author":[{"embeddable":true,"href":"https:\/\/letempsmag.ma\/index.php?rest_route=\/wp\/v2\/users\/9"}],"replies":[{"embeddable":true,"href":"https:\/\/letempsmag.ma\/index.php?rest_route=%2Fwp%2Fv2%2Fcomments&post=38791"}],"version-history":[{"count":1,"href":"https:\/\/letempsmag.ma\/index.php?rest_route=\/wp\/v2\/posts\/38791\/revisions"}],"predecessor-version":[{"id":38792,"href":"https:\/\/letempsmag.ma\/index.php?rest_route=\/wp\/v2\/posts\/38791\/revisions\/38792"}],"wp:featuredmedia":[{"embeddable":true,"href":"https:\/\/letempsmag.ma\/index.php?rest_route=\/wp\/v2\/media\/38774"}],"wp:attachment":[{"href":"https:\/\/letempsmag.ma\/index.php?rest_route=%2Fwp%2Fv2%2Fmedia&parent=38791"}],"wp:term":[{"taxonomy":"category","embeddable":true,"href":"https:\/\/letempsmag.ma\/index.php?rest_route=%2Fwp%2Fv2%2Fcategories&post=38791"},{"taxonomy":"post_tag","embeddable":true,"href":"https:\/\/letempsmag.ma\/index.php?rest_route=%2Fwp%2Fv2%2Ftags&post=38791"}],"curies":[{"name":"wp","href":"https:\/\/api.w.org\/{rel}","templated":true}]}}