{"id":38351,"date":"2025-09-17T12:44:26","date_gmt":"2025-09-17T11:44:26","guid":{"rendered":"https:\/\/letempsmag.ma\/?p=38351"},"modified":"2025-09-17T12:44:26","modified_gmt":"2025-09-17T11:44:26","slug":"ilham-home-ouvre-son-premier-magasin-a-casablanca","status":"publish","type":"post","link":"https:\/\/letempsmag.ma\/?p=38351","title":{"rendered":"\u00abIlham Home\u00bb ouvre son premier magasin \u00e0 Casablanca"},"content":{"rendered":"\n<p>Casablanca a accueilli hier le premier magasin \u00abIlham Home\u00bb. Une inauguration marquant le retour au pays natal d\u2019une success story n\u00e9e aux Pays-Bas. Fond\u00e9e par Ilham Cherradi, originaire de Mohammedia, la marque propose des services complets d\u2019am\u00e9nagement et de d\u00e9coration int\u00e9rieure, de la conception \u00e0 la finition, avec l\u2019ambition d\u2019allier authenticit\u00e9 marocaine et standards internationaux.<\/p>\n\n\n\n<p>Le parcours d\u2019Ahlam est celui d\u2019une femme passionn\u00e9e devenue entrepreneure. Apr\u00e8s un premier d\u00e9part en Allemagne, elle s\u2019installe aux Pays-Bas o\u00f9 elle cultive son go\u00fbt pour la cuisine et la d\u00e9coration. Elle se fait d\u2019abord conna\u00eetre \u00e0 travers une page \u00abInstagram\u00bb d\u00e9di\u00e9e \u00e0 l\u2019art de recevoir, avant de suivre des formations sp\u00e9cialis\u00e9es en d\u00e9coration d\u2019int\u00e9rieur et de lancer \u00abIlham Home\u00bb, dont les produits s\u00e9duisent par leur \u00e9l\u00e9gance et leur modernit\u00e9.<\/p>\n\n\n\n<p>Sa cr\u00e9ativit\u00e9 s\u2019exprime aussi dans la gastronomie&nbsp;: son livre \u00abAan Tafel met Ilham\u00bb (\u00c0 table avec Ilham), publi\u00e9 en n\u00e9erlandais, revisite la cuisine marocaine traditionnelle avec une touche contemporaine et sera bient\u00f4t traduit en d\u2019autres langues.<\/p>\n\n\n\n<p>Avec l\u2019ouverture de cette premi\u00e8re franchise au Maroc, Ilham Cherradi amorce une d\u00e9marche de \u00abmigration invers\u00e9e\u00bb. Et elle l\u2019affirme&nbsp;: \u00abRevenir au Maroc n\u2019est pas la fin du voyage, mais un nouveau d\u00e9part\u00bb, dit-elle, d\u00e9termin\u00e9e \u00e0 faire rayonner son savoir-faire \u00e0 l\u2019\u00e9chelle internationale.<\/p>\n\n\n\n<p>L. F.<\/p>\n\n\n\n<p><\/p>\n","protected":false},"excerpt":{"rendered":"<p>Casablanca a accueilli hier le premier magasin \u00abIlham Home\u00bb. Une inauguration marquant le retour au pays natal d\u2019une success story n\u00e9e aux Pays-Bas. Fond\u00e9e par Ilham Cherradi, originaire de Mohammedia, la marque propose des services complets d\u2019am\u00e9nagement et de d\u00e9coration int\u00e9rieure, de la conception \u00e0 la finition, avec l\u2019ambition d\u2019allier authenticit\u00e9 marocaine et standards internationaux. &hellip;<\/p>\n","protected":false},"author":9,"featured_media":38338,"comment_status":"open","ping_status":"closed","sticky":false,"template":"","format":"standard","meta":{"footnotes":""},"categories":[914],"tags":[],"class_list":["post-38351","post","type-post","status-publish","format-standard","has-post-thumbnail","hentry","category-enseignes"],"_links":{"self":[{"href":"https:\/\/letempsmag.ma\/index.php?rest_route=\/wp\/v2\/posts\/38351","targetHints":{"allow":["GET"]}}],"collection":[{"href":"https:\/\/letempsmag.ma\/index.php?rest_route=\/wp\/v2\/posts"}],"about":[{"href":"https:\/\/letempsmag.ma\/index.php?rest_route=\/wp\/v2\/types\/post"}],"author":[{"embeddable":true,"href":"https:\/\/letempsmag.ma\/index.php?rest_route=\/wp\/v2\/users\/9"}],"replies":[{"embeddable":true,"href":"https:\/\/letempsmag.ma\/index.php?rest_route=%2Fwp%2Fv2%2Fcomments&post=38351"}],"version-history":[{"count":1,"href":"https:\/\/letempsmag.ma\/index.php?rest_route=\/wp\/v2\/posts\/38351\/revisions"}],"predecessor-version":[{"id":38352,"href":"https:\/\/letempsmag.ma\/index.php?rest_route=\/wp\/v2\/posts\/38351\/revisions\/38352"}],"wp:featuredmedia":[{"embeddable":true,"href":"https:\/\/letempsmag.ma\/index.php?rest_route=\/wp\/v2\/media\/38338"}],"wp:attachment":[{"href":"https:\/\/letempsmag.ma\/index.php?rest_route=%2Fwp%2Fv2%2Fmedia&parent=38351"}],"wp:term":[{"taxonomy":"category","embeddable":true,"href":"https:\/\/letempsmag.ma\/index.php?rest_route=%2Fwp%2Fv2%2Fcategories&post=38351"},{"taxonomy":"post_tag","embeddable":true,"href":"https:\/\/letempsmag.ma\/index.php?rest_route=%2Fwp%2Fv2%2Ftags&post=38351"}],"curies":[{"name":"wp","href":"https:\/\/api.w.org\/{rel}","templated":true}]}}