{"id":38325,"date":"2025-09-16T11:44:49","date_gmt":"2025-09-16T10:44:49","guid":{"rendered":"https:\/\/letempsmag.ma\/?p=38325"},"modified":"2025-09-16T11:44:49","modified_gmt":"2025-09-16T10:44:49","slug":"le-maroc-et-la-mauritanie-renforcent-leur-cooperation-contre-le-terrorisme-et-la-contrebande","status":"publish","type":"post","link":"https:\/\/letempsmag.ma\/?p=38325","title":{"rendered":"Le Maroc et la Mauritanie renforcent leur coop\u00e9ration contre le terrorisme et la contrebande"},"content":{"rendered":"\n<p>La Mauritanie a organis\u00e9 r\u00e9cemment un atelier conjoint avec des membres des Forces Arm\u00e9es Royales pour discuter des strat\u00e9gies de lutte contre le terrorisme et de surveillance des fronti\u00e8res, refl\u00e9tant la coordination militaire croissante entre les deux pays.<\/p>\n\n\n\n<p>Selon l\u2019arm\u00e9e mauritanienne, l\u2019atelier a d\u00e9montr\u00e9 la force des relations militaires bilat\u00e9rales et l\u2019engagement des deux parties \u00e0 renforcer la coop\u00e9ration face aux d\u00e9fis de s\u00e9curit\u00e9 communs, positionnant la collaboration en mati\u00e8re de d\u00e9fense comme une pierre angulaire de la stabilit\u00e9 r\u00e9gionale.<\/p>\n\n\n\n<p>Deux officiers marocains ont particip\u00e9 aux c\u00f4t\u00e9s de leurs coll\u00e8gues mauritaniens des unit\u00e9s d\u2019op\u00e9rations, de renseignement, de s\u00e9curit\u00e9 militaire et de coop\u00e9ration. Des pr\u00e9sentations d\u00e9taill\u00e9es ont \u00e9t\u00e9 faites par les deux parties, suivies de discussions et d\u2019un \u00e9change d\u2019expertise visant \u00e0 affiner les m\u00e9canismes de coordination et \u00e0 renforcer les r\u00e9ponses aux menaces transfrontali\u00e8res.<\/p>\n\n\n\n<p>L\u2019atelier s\u2019est articul\u00e9 autour de r\u00e9unions de haut niveau ant\u00e9rieures visant \u00e0 renforcer la coordination dans l\u2019est de la Mauritanie, une zone vuln\u00e9rable \u00e0 la contrebande, au crime organis\u00e9 et aux groupes arm\u00e9s op\u00e9rant dans le nord et le centre du Mali. Le Maroc est d\u00e9sireux d\u2019aider la Mauritanie \u00e0 contr\u00f4ler ses r\u00e9gions du nord, \u00e0 pr\u00e9venir les attaques sur les territoires marocain et mauritanien et \u00e0 souligner l\u2019importance strat\u00e9gique de la surveillance des fronti\u00e8res.<\/p>\n","protected":false},"excerpt":{"rendered":"<p>La Mauritanie a organis\u00e9 r\u00e9cemment un atelier conjoint avec des membres des Forces Arm\u00e9es Royales pour discuter des strat\u00e9gies de lutte contre le terrorisme et de surveillance des fronti\u00e8res, refl\u00e9tant la coordination militaire croissante entre les deux pays. Selon l\u2019arm\u00e9e mauritanienne, l\u2019atelier a d\u00e9montr\u00e9 la force des relations militaires bilat\u00e9rales et l\u2019engagement des deux parties &hellip;<\/p>\n","protected":false},"author":9,"featured_media":38297,"comment_status":"open","ping_status":"closed","sticky":false,"template":"","format":"standard","meta":{"footnotes":""},"categories":[222],"tags":[],"class_list":["post-38325","post","type-post","status-publish","format-standard","has-post-thumbnail","hentry","category-securite"],"_links":{"self":[{"href":"https:\/\/letempsmag.ma\/index.php?rest_route=\/wp\/v2\/posts\/38325","targetHints":{"allow":["GET"]}}],"collection":[{"href":"https:\/\/letempsmag.ma\/index.php?rest_route=\/wp\/v2\/posts"}],"about":[{"href":"https:\/\/letempsmag.ma\/index.php?rest_route=\/wp\/v2\/types\/post"}],"author":[{"embeddable":true,"href":"https:\/\/letempsmag.ma\/index.php?rest_route=\/wp\/v2\/users\/9"}],"replies":[{"embeddable":true,"href":"https:\/\/letempsmag.ma\/index.php?rest_route=%2Fwp%2Fv2%2Fcomments&post=38325"}],"version-history":[{"count":1,"href":"https:\/\/letempsmag.ma\/index.php?rest_route=\/wp\/v2\/posts\/38325\/revisions"}],"predecessor-version":[{"id":38326,"href":"https:\/\/letempsmag.ma\/index.php?rest_route=\/wp\/v2\/posts\/38325\/revisions\/38326"}],"wp:featuredmedia":[{"embeddable":true,"href":"https:\/\/letempsmag.ma\/index.php?rest_route=\/wp\/v2\/media\/38297"}],"wp:attachment":[{"href":"https:\/\/letempsmag.ma\/index.php?rest_route=%2Fwp%2Fv2%2Fmedia&parent=38325"}],"wp:term":[{"taxonomy":"category","embeddable":true,"href":"https:\/\/letempsmag.ma\/index.php?rest_route=%2Fwp%2Fv2%2Fcategories&post=38325"},{"taxonomy":"post_tag","embeddable":true,"href":"https:\/\/letempsmag.ma\/index.php?rest_route=%2Fwp%2Fv2%2Ftags&post=38325"}],"curies":[{"name":"wp","href":"https:\/\/api.w.org\/{rel}","templated":true}]}}