{"id":38319,"date":"2025-09-16T11:42:06","date_gmt":"2025-09-16T10:42:06","guid":{"rendered":"https:\/\/letempsmag.ma\/?p=38319"},"modified":"2025-09-16T11:42:06","modified_gmt":"2025-09-16T10:42:06","slug":"lancement-dune-campagne-digitale-sur-lanxiete-scolaire-au-maroc","status":"publish","type":"post","link":"https:\/\/letempsmag.ma\/?p=38319","title":{"rendered":"Lancement d\u2019une campagne digitale sur l\u2019anxi\u00e9t\u00e9 scolaire au Maroc"},"content":{"rendered":"\n<p>L\u2019Observatoire National des Droits de l\u2019Enfant (ONDE) a lanc\u00e9 vendredi dernier une campagne digitale nationale sur l\u2019anxi\u00e9t\u00e9 scolaire. La finalit\u00e9 de cette initiative est de sensibiliser \u00e9l\u00e8ves, parents et enseignants \u00e0 l\u2019importance de d\u00e9tecter, comprendre et accompagner les enfants affect\u00e9s par l\u2019anxi\u00e9t\u00e9 scolaire.<\/p>\n\n\n\n<p>Cette initiative s\u2019inscrit dans la dynamique nationale impuls\u00e9e par le Souverain, qui place les droits des enfants au c\u0153ur des priorit\u00e9s du Maroc, indique l\u2019ONDE, et traduit \u00e9galement l\u2019engagement constant de S.A.R. la Princesse Lalla Meryem, Pr\u00e9sidente de l\u2019ONDE, qui \u0153uvre depuis pr\u00e8s de 30 ans pour promouvoir la protection et l\u2019\u00e9panouissement des enfants, souligne un communiqu\u00e9 de l\u2019Observatoire. La m\u00eame source a ajout\u00e9 que \u00abcette initiative vient \u00e0 point nomm\u00e9, au moment o\u00f9 plus de 8,27 millions d\u2019\u00e9l\u00e8ves ont rejoint les bancs de l\u2019\u00e9cole, parfois avec beaucoup d\u2019inqui\u00e9tude et d\u2019appr\u00e9hension\u00bb.<\/p>\n\n\n\n<p>La campagne, d\u00e9ploy\u00e9e dans un premier temps sur les r\u00e9seaux sociaux et plateformes digitales, comprend une s\u00e9rie de supports dont une capsule vid\u00e9o p\u00e9dagogique, disponible sur la plateforme \u00abhttps:\/\/onde.ma\u00bb, expliquant les causes, les sympt\u00f4mes et les effets de l\u2019anxi\u00e9t\u00e9 scolaire. La capsule met \u00e9galement en avant une panoplie de conseils pratiques permettant aux \u00e9l\u00e8ves, aux parents et aux enseignants d\u2019aider les enfants \u00e0 surmonter leur anxi\u00e9t\u00e9. Elle comprend \u00e9galement des t\u00e9moignages dans lesquels des jeunes rendent visibles leurs v\u00e9cus et appellent les parents et le milieu scolaire \u00e0 mieux identifier l\u2019anxi\u00e9t\u00e9 scolaire et \u00e0 y r\u00e9pondre rapidement.<\/p>\n\n\n\n<p>Cette initiative s\u2019inscrit dans la continuit\u00e9 des actions engag\u00e9es par l\u2019ONDE en vue de promouvoir la sant\u00e9 mentale des enfants, garantir leur bien-\u00eatre \u00e0 l\u2019\u00e9cole et d\u00e9fendre leur droit \u00e0 un environnement \u00e9ducatif s\u00fbr, inclusif et \u00e9panouissant.<\/p>\n","protected":false},"excerpt":{"rendered":"<p>L\u2019Observatoire National des Droits de l\u2019Enfant (ONDE) a lanc\u00e9 vendredi dernier une campagne digitale nationale sur l\u2019anxi\u00e9t\u00e9 scolaire. La finalit\u00e9 de cette initiative est de sensibiliser \u00e9l\u00e8ves, parents et enseignants \u00e0 l\u2019importance de d\u00e9tecter, comprendre et accompagner les enfants affect\u00e9s par l\u2019anxi\u00e9t\u00e9 scolaire. Cette initiative s\u2019inscrit dans la dynamique nationale impuls\u00e9e par le Souverain, qui &hellip;<\/p>\n","protected":false},"author":9,"featured_media":38304,"comment_status":"open","ping_status":"closed","sticky":false,"template":"","format":"standard","meta":{"footnotes":""},"categories":[1534],"tags":[],"class_list":["post-38319","post","type-post","status-publish","format-standard","has-post-thumbnail","hentry","category-droits-de-lenfant"],"_links":{"self":[{"href":"https:\/\/letempsmag.ma\/index.php?rest_route=\/wp\/v2\/posts\/38319","targetHints":{"allow":["GET"]}}],"collection":[{"href":"https:\/\/letempsmag.ma\/index.php?rest_route=\/wp\/v2\/posts"}],"about":[{"href":"https:\/\/letempsmag.ma\/index.php?rest_route=\/wp\/v2\/types\/post"}],"author":[{"embeddable":true,"href":"https:\/\/letempsmag.ma\/index.php?rest_route=\/wp\/v2\/users\/9"}],"replies":[{"embeddable":true,"href":"https:\/\/letempsmag.ma\/index.php?rest_route=%2Fwp%2Fv2%2Fcomments&post=38319"}],"version-history":[{"count":1,"href":"https:\/\/letempsmag.ma\/index.php?rest_route=\/wp\/v2\/posts\/38319\/revisions"}],"predecessor-version":[{"id":38320,"href":"https:\/\/letempsmag.ma\/index.php?rest_route=\/wp\/v2\/posts\/38319\/revisions\/38320"}],"wp:featuredmedia":[{"embeddable":true,"href":"https:\/\/letempsmag.ma\/index.php?rest_route=\/wp\/v2\/media\/38304"}],"wp:attachment":[{"href":"https:\/\/letempsmag.ma\/index.php?rest_route=%2Fwp%2Fv2%2Fmedia&parent=38319"}],"wp:term":[{"taxonomy":"category","embeddable":true,"href":"https:\/\/letempsmag.ma\/index.php?rest_route=%2Fwp%2Fv2%2Fcategories&post=38319"},{"taxonomy":"post_tag","embeddable":true,"href":"https:\/\/letempsmag.ma\/index.php?rest_route=%2Fwp%2Fv2%2Ftags&post=38319"}],"curies":[{"name":"wp","href":"https:\/\/api.w.org\/{rel}","templated":true}]}}