{"id":38317,"date":"2025-09-16T11:40:44","date_gmt":"2025-09-16T10:40:44","guid":{"rendered":"https:\/\/letempsmag.ma\/?p=38317"},"modified":"2025-09-16T11:40:45","modified_gmt":"2025-09-16T10:40:45","slug":"luniversite-internationale-averroes-ouvre-le-debat-sur-une-ia-souveraine-et-inclusive","status":"publish","type":"post","link":"https:\/\/letempsmag.ma\/?p=38317","title":{"rendered":"L\u2019Universit\u00e9 Internationale Averro\u00e8s ouvre le d\u00e9bat sur une IA souveraine et inclusive"},"content":{"rendered":"\n<p>L\u2019Universit\u00e9 Internationale Averro\u00e8s (UIA) a consacr\u00e9, le 10 septembre, une conf\u00e9rence au th\u00e8me \u00abL\u2019intelligence artificielle au Maroc&nbsp;? Souverainet\u00e9, inclusion et transformation syst\u00e9mique\u00bb. Fid\u00e8le \u00e0 sa vocation de p\u00f4le acad\u00e9mique engag\u00e9 dans les grands d\u00e9bats contemporains, l\u2019\u00e9tablissement a r\u00e9uni chercheurs, \u00e9tudiants, acteurs \u00e9conomiques et institutionnels pour r\u00e9fl\u00e9chir aux opportunit\u00e9s et d\u00e9fis li\u00e9s \u00e0 l\u2019IA dans le Royaume.<\/p>\n\n\n\n<p>La rencontre a \u00e9t\u00e9 marqu\u00e9e par la pr\u00e9sentation du nouvel ouvrage du professeur et chercheur Pr Az-Eddine Bennani, intitul\u00e9 \u00abL\u2019intelligence artificielle au Maroc&nbsp;? Souverainet\u00e9, inclusion et transformation syst\u00e9mique\u00bb. Fort de quarante ann\u00e9es d\u2019exp\u00e9rience, l\u2019auteur y propose une feuille de route \u00abIA 2030\u00bb articul\u00e9e autour d\u2019une approche syst\u00e9mique. Le livre explore des usages concrets de l\u2019IA dans la sant\u00e9, la mobilit\u00e9, la pr\u00e9servation du patrimoine, le sport, l\u2019\u00e9conomie informelle ou encore la finance num\u00e9rique via le Dirham-Digital, tout en soulignant les enjeux de gouvernance, de souverainet\u00e9 et de diplomatie technologique.<\/p>\n\n\n\n<p>Le Pr Az-Eddine Bennani avance cinq recommandations strat\u00e9giques&nbsp;: garantir la souverainet\u00e9 des donn\u00e9es, promouvoir une inclusion num\u00e9rique \u00e9quitable, encourager une recherche marocaine contextualis\u00e9e, d\u00e9velopper des partenariats africains et internationaux, et consid\u00e9rer l\u2019IA comme un levier d\u2019intelligence collective et de justice sociale, au service d\u2019un projet de soci\u00e9t\u00e9 enracin\u00e9 et humaniste.<\/p>\n\n\n\n<p>\u00c0 travers cette conf\u00e9rence, l\u2019UIA confirme son ambition de devenir un p\u00f4le citoyen d\u2019excellence acad\u00e9mique, offrant un espace de dialogue critique sur les grandes transformations. Install\u00e9e \u00e0 Sidi Ma\u00e2rouf, l\u2019universit\u00e9 entend contribuer activement au d\u00e9veloppement humain, \u00e9conomique et technologique du Maroc et de l\u2019Afrique.<\/p>\n\n\n\n<p><strong>L. F.<\/strong><\/p>\n","protected":false},"excerpt":{"rendered":"<p>L\u2019Universit\u00e9 Internationale Averro\u00e8s (UIA) a consacr\u00e9, le 10 septembre, une conf\u00e9rence au th\u00e8me \u00abL\u2019intelligence artificielle au Maroc&nbsp;? Souverainet\u00e9, inclusion et transformation syst\u00e9mique\u00bb. Fid\u00e8le \u00e0 sa vocation de p\u00f4le acad\u00e9mique engag\u00e9 dans les grands d\u00e9bats contemporains, l\u2019\u00e9tablissement a r\u00e9uni chercheurs, \u00e9tudiants, acteurs \u00e9conomiques et institutionnels pour r\u00e9fl\u00e9chir aux opportunit\u00e9s et d\u00e9fis li\u00e9s \u00e0 l\u2019IA dans le &hellip;<\/p>\n","protected":false},"author":9,"featured_media":38302,"comment_status":"open","ping_status":"closed","sticky":false,"template":"","format":"standard","meta":{"footnotes":""},"categories":[492],"tags":[],"class_list":["post-38317","post","type-post","status-publish","format-standard","has-post-thumbnail","hentry","category-forum"],"_links":{"self":[{"href":"https:\/\/letempsmag.ma\/index.php?rest_route=\/wp\/v2\/posts\/38317","targetHints":{"allow":["GET"]}}],"collection":[{"href":"https:\/\/letempsmag.ma\/index.php?rest_route=\/wp\/v2\/posts"}],"about":[{"href":"https:\/\/letempsmag.ma\/index.php?rest_route=\/wp\/v2\/types\/post"}],"author":[{"embeddable":true,"href":"https:\/\/letempsmag.ma\/index.php?rest_route=\/wp\/v2\/users\/9"}],"replies":[{"embeddable":true,"href":"https:\/\/letempsmag.ma\/index.php?rest_route=%2Fwp%2Fv2%2Fcomments&post=38317"}],"version-history":[{"count":1,"href":"https:\/\/letempsmag.ma\/index.php?rest_route=\/wp\/v2\/posts\/38317\/revisions"}],"predecessor-version":[{"id":38318,"href":"https:\/\/letempsmag.ma\/index.php?rest_route=\/wp\/v2\/posts\/38317\/revisions\/38318"}],"wp:featuredmedia":[{"embeddable":true,"href":"https:\/\/letempsmag.ma\/index.php?rest_route=\/wp\/v2\/media\/38302"}],"wp:attachment":[{"href":"https:\/\/letempsmag.ma\/index.php?rest_route=%2Fwp%2Fv2%2Fmedia&parent=38317"}],"wp:term":[{"taxonomy":"category","embeddable":true,"href":"https:\/\/letempsmag.ma\/index.php?rest_route=%2Fwp%2Fv2%2Fcategories&post=38317"},{"taxonomy":"post_tag","embeddable":true,"href":"https:\/\/letempsmag.ma\/index.php?rest_route=%2Fwp%2Fv2%2Ftags&post=38317"}],"curies":[{"name":"wp","href":"https:\/\/api.w.org\/{rel}","templated":true}]}}