{"id":38315,"date":"2025-09-16T11:39:37","date_gmt":"2025-09-16T10:39:37","guid":{"rendered":"https:\/\/letempsmag.ma\/?p=38315"},"modified":"2025-09-16T11:39:37","modified_gmt":"2025-09-16T10:39:37","slug":"le-maroc-signe-un-accord-avec-la-start-up-francaise-mistral-ai","status":"publish","type":"post","link":"https:\/\/letempsmag.ma\/?p=38315","title":{"rendered":"Le Maroc signe un accord avec la start-up fran\u00e7aise Mistral AI"},"content":{"rendered":"\n<p>Amal El Fallah Seghrouchni, Ministre d\u00e9l\u00e9gu\u00e9e charg\u00e9e de la Transition num\u00e9rique et de la R\u00e9forme de l\u2019administration, a sign\u00e9 vendredi dernier un M\u00e9morandum d\u2019Entente avec Arthur Mensch, cofondateur et CEO de Mistral AI, un des leaders fran\u00e7ais de l\u2019intelligence artificielle. La c\u00e9r\u00e9monie de signature s\u2019est tenue en pr\u00e9sence de Ryad Mezzour, Ministre de l\u2019Industrie et du Commerce, et de plusieurs personnalit\u00e9s de hauts niveaux.<\/p>\n\n\n\n<p>La signature de ce m\u00e9morandum intervient \u00e0 un moment strat\u00e9gique o\u00f9 le Maroc, port\u00e9 par une vision Royale ambitieuse et des r\u00e9formes structurelles majeures, acc\u00e9l\u00e8re sa transition num\u00e9rique pour consolider sa position en tant que hub technologique r\u00e9gional et acteur cl\u00e9 de l\u2019innovation mondiale, avec comme fer de lance l\u2019intelligence artificielle.&nbsp;<\/p>\n\n\n\n<p>Le partenariat met l\u2019accent sur&nbsp;:<\/p>\n\n\n\n<p>&#8211; Le d\u00e9veloppement des comp\u00e9tences locales en IA \u00e0 travers la formation, la recherche appliqu\u00e9e et le partage de savoir-faire.<\/p>\n\n\n\n<p>&#8211; L\u2019\u00e9mergence de startups et de projets industriels reposant sur des solutions d\u2019IA souveraines adapt\u00e9es aux besoins des entreprises marocaines.<\/p>\n\n\n\n<p>&#8211; La promotion d\u2019un usage \u00e9thique, inclusif et responsable de l\u2019IA, garantissant la protection des donn\u00e9es et la confiance des citoyens.<\/p>\n\n\n\n<p>&#8211; Le renforcement du r\u00f4le du Maroc comme plateforme r\u00e9gionale et africaine de r\u00e9f\u00e9rence en mati\u00e8re d\u2019intelligence artificielle et d\u2019innovation num\u00e9rique.<\/p>\n\n\n\n<p>Le partenariat illustre la volont\u00e9 de conjuguer innovation technologique, souverainet\u00e9 num\u00e9rique et coop\u00e9ration internationale. Il ouvre la voie \u00e0 un mod\u00e8le de d\u00e9veloppement o\u00f9 l\u2019intelligence artificielle devient un levier de comp\u00e9titivit\u00e9 \u00e9conomique, de modernisation des services publics et de progr\u00e8s social.<\/p>\n\n\n\n<p>Avec l\u2019appui d\u2019un acteur technologique de premier plan tel que Mistral AI, le Maroc affirme son ambition de faire de l\u2019intelligence artificielle un moteur de croissance durable et inclusive, tout en consolidant sa place de leader r\u00e9gional et africain dans le domaine num\u00e9rique.<\/p>\n\n\n\n<p><strong><em>\u00c0 propos de Mistral AI<\/em><\/strong><\/p>\n\n\n\n<p>Mistral AI est une start-up fran\u00e7aise pionni\u00e8re en intelligence artificielle g\u00e9n\u00e9rative qui offre au monde les moyens de b\u00e9n\u00e9ficier de la technologie la plus d\u00e9terminante de notre \u00e9poque. Nous d\u00e9mocratisons l\u2019intelligence artificielle gr\u00e2ce \u00e0 des mod\u00e8les, produits et solutions open-source, performants, optimis\u00e9s et innovants. Fran\u00e7aise et ind\u00e9pendante, Mistral AI promeut une approche d\u00e9centralis\u00e9e et transparente de la technologie \u00e0 travers le monde, avec une pr\u00e9sence aux \u00c9tats-Unis, au Royaume-Uni et \u00e0 Singapour.<\/p>\n","protected":false},"excerpt":{"rendered":"<p>Amal El Fallah Seghrouchni, Ministre d\u00e9l\u00e9gu\u00e9e charg\u00e9e de la Transition num\u00e9rique et de la R\u00e9forme de l\u2019administration, a sign\u00e9 vendredi dernier un M\u00e9morandum d\u2019Entente avec Arthur Mensch, cofondateur et CEO de Mistral AI, un des leaders fran\u00e7ais de l\u2019intelligence artificielle. La c\u00e9r\u00e9monie de signature s\u2019est tenue en pr\u00e9sence de Ryad Mezzour, Ministre de l\u2019Industrie et &hellip;<\/p>\n","protected":false},"author":9,"featured_media":38299,"comment_status":"open","ping_status":"closed","sticky":false,"template":"","format":"standard","meta":{"footnotes":""},"categories":[573],"tags":[],"class_list":["post-38315","post","type-post","status-publish","format-standard","has-post-thumbnail","hentry","category-high-tech-2"],"_links":{"self":[{"href":"https:\/\/letempsmag.ma\/index.php?rest_route=\/wp\/v2\/posts\/38315","targetHints":{"allow":["GET"]}}],"collection":[{"href":"https:\/\/letempsmag.ma\/index.php?rest_route=\/wp\/v2\/posts"}],"about":[{"href":"https:\/\/letempsmag.ma\/index.php?rest_route=\/wp\/v2\/types\/post"}],"author":[{"embeddable":true,"href":"https:\/\/letempsmag.ma\/index.php?rest_route=\/wp\/v2\/users\/9"}],"replies":[{"embeddable":true,"href":"https:\/\/letempsmag.ma\/index.php?rest_route=%2Fwp%2Fv2%2Fcomments&post=38315"}],"version-history":[{"count":1,"href":"https:\/\/letempsmag.ma\/index.php?rest_route=\/wp\/v2\/posts\/38315\/revisions"}],"predecessor-version":[{"id":38316,"href":"https:\/\/letempsmag.ma\/index.php?rest_route=\/wp\/v2\/posts\/38315\/revisions\/38316"}],"wp:featuredmedia":[{"embeddable":true,"href":"https:\/\/letempsmag.ma\/index.php?rest_route=\/wp\/v2\/media\/38299"}],"wp:attachment":[{"href":"https:\/\/letempsmag.ma\/index.php?rest_route=%2Fwp%2Fv2%2Fmedia&parent=38315"}],"wp:term":[{"taxonomy":"category","embeddable":true,"href":"https:\/\/letempsmag.ma\/index.php?rest_route=%2Fwp%2Fv2%2Fcategories&post=38315"},{"taxonomy":"post_tag","embeddable":true,"href":"https:\/\/letempsmag.ma\/index.php?rest_route=%2Fwp%2Fv2%2Ftags&post=38315"}],"curies":[{"name":"wp","href":"https:\/\/api.w.org\/{rel}","templated":true}]}}