{"id":38313,"date":"2025-09-16T11:38:35","date_gmt":"2025-09-16T10:38:35","guid":{"rendered":"https:\/\/letempsmag.ma\/?p=38313"},"modified":"2025-09-16T11:38:35","modified_gmt":"2025-09-16T10:38:35","slug":"schneider-electric-organise-a-casablanca-son-premier-innovation-day","status":"publish","type":"post","link":"https:\/\/letempsmag.ma\/?p=38313","title":{"rendered":"Schneider Electric organise \u00e0 Casablanca son premier \u00abInnovation Day\u00bb"},"content":{"rendered":"\n<p>Schneider Electric, leader mondial de la transformation num\u00e9rique de la gestion de l\u2019\u00e9nergie et des automatismes, tiendra pour la premi\u00e8re fois au Maroc son \u00e9v\u00e9nement international \u00abInnovation Day\u00bb. Pr\u00e9vu le 30 septembre prochain, ce rendez-vous, d\u00e9j\u00e0 organis\u00e9 dans plusieurs grandes m\u00e9tropoles mondiales, r\u00e9unira \u00e0 Casablanca des acteurs publics, institutionnels, industriels et technologiques autour d\u2019un enjeu commun : fa\u00e7onner une \u00e9conomie africaine plus verte, plus r\u00e9siliente et durable.<\/p>\n\n\n\n<p>L\u2019organisation de cette premi\u00e8re \u00e9dition au Maroc refl\u00e8te la place strat\u00e9gique du Royaume comme hub r\u00e9gional de l\u2019innovation durable. \u00ab\u00c0 travers cette premi\u00e8re \u00e9dition de l\u2019Innovation Day \u00e0 Casablanca, nous souhaitons mettre en avant l\u2019\u00e9cosyst\u00e8me marocain et renforcer la visibilit\u00e9 des initiatives locales qui contribuent \u00e0 la transition \u00e9nerg\u00e9tique et digitale du pays et \u00e0 son d\u00e9veloppement industriel\u00bb, a d\u00e9clar\u00e9 Diaretou Madina Gaye Dieng, Pr\u00e9sidente du Cluster Afrique Francophone &amp; \u00celes de Schneider Electric.<\/p>\n\n\n\n<p>De son c\u00f4t\u00e9, Walid Sheta, Pr\u00e9sident de la zone Moyen-Orient &amp; Afrique, a soulign\u00e9 le r\u00f4le d\u00e9terminant du continent dans les transformations \u00e0 venir&nbsp;: \u00abL\u2019Afrique est aujourd\u2019hui \u00e0 un tournant majeur o\u00f9 la transition \u00e9nerg\u00e9tique et la transformation digitale repr\u00e9sentent des leviers essentiels pour son d\u00e9veloppement. Le Maroc s\u2019inscrit dans cette dynamique continentale en jouant un r\u00f4le moteur. Notre responsabilit\u00e9 est de f\u00e9d\u00e9rer les initiatives locales et r\u00e9gionales afin de construire un avenir \u00e9nerg\u00e9tique et technologique durable pour l\u2019ensemble du continent africain\u00bb.<\/p>\n\n\n\n<p>En choisissant Casablanca, Schneider Electric r\u00e9affirme son engagement aupr\u00e8s des acteurs marocains et africains, et propose un espace de dialogue, de r\u00e9flexion et de projection autour d\u2019une nouvelle trajectoire \u00e9nerg\u00e9tique et technologique pour l\u2019Afrique.<\/p>\n\n\n\n<p><strong>L. F.<\/strong><\/p>\n","protected":false},"excerpt":{"rendered":"<p>Schneider Electric, leader mondial de la transformation num\u00e9rique de la gestion de l\u2019\u00e9nergie et des automatismes, tiendra pour la premi\u00e8re fois au Maroc son \u00e9v\u00e9nement international \u00abInnovation Day\u00bb. Pr\u00e9vu le 30 septembre prochain, ce rendez-vous, d\u00e9j\u00e0 organis\u00e9 dans plusieurs grandes m\u00e9tropoles mondiales, r\u00e9unira \u00e0 Casablanca des acteurs publics, institutionnels, industriels et technologiques autour d\u2019un enjeu &hellip;<\/p>\n","protected":false},"author":9,"featured_media":38305,"comment_status":"open","ping_status":"closed","sticky":false,"template":"","format":"standard","meta":{"footnotes":""},"categories":[948],"tags":[],"class_list":["post-38313","post","type-post","status-publish","format-standard","has-post-thumbnail","hentry","category-transition-energetique"],"_links":{"self":[{"href":"https:\/\/letempsmag.ma\/index.php?rest_route=\/wp\/v2\/posts\/38313","targetHints":{"allow":["GET"]}}],"collection":[{"href":"https:\/\/letempsmag.ma\/index.php?rest_route=\/wp\/v2\/posts"}],"about":[{"href":"https:\/\/letempsmag.ma\/index.php?rest_route=\/wp\/v2\/types\/post"}],"author":[{"embeddable":true,"href":"https:\/\/letempsmag.ma\/index.php?rest_route=\/wp\/v2\/users\/9"}],"replies":[{"embeddable":true,"href":"https:\/\/letempsmag.ma\/index.php?rest_route=%2Fwp%2Fv2%2Fcomments&post=38313"}],"version-history":[{"count":1,"href":"https:\/\/letempsmag.ma\/index.php?rest_route=\/wp\/v2\/posts\/38313\/revisions"}],"predecessor-version":[{"id":38314,"href":"https:\/\/letempsmag.ma\/index.php?rest_route=\/wp\/v2\/posts\/38313\/revisions\/38314"}],"wp:featuredmedia":[{"embeddable":true,"href":"https:\/\/letempsmag.ma\/index.php?rest_route=\/wp\/v2\/media\/38305"}],"wp:attachment":[{"href":"https:\/\/letempsmag.ma\/index.php?rest_route=%2Fwp%2Fv2%2Fmedia&parent=38313"}],"wp:term":[{"taxonomy":"category","embeddable":true,"href":"https:\/\/letempsmag.ma\/index.php?rest_route=%2Fwp%2Fv2%2Fcategories&post=38313"},{"taxonomy":"post_tag","embeddable":true,"href":"https:\/\/letempsmag.ma\/index.php?rest_route=%2Fwp%2Fv2%2Ftags&post=38313"}],"curies":[{"name":"wp","href":"https:\/\/api.w.org\/{rel}","templated":true}]}}