{"id":38311,"date":"2025-09-16T11:36:51","date_gmt":"2025-09-16T10:36:51","guid":{"rendered":"https:\/\/letempsmag.ma\/?p=38311"},"modified":"2025-09-16T11:36:51","modified_gmt":"2025-09-16T10:36:51","slug":"des-orthopedistes-internationaux-se-donnent-rendez-vous-a-casablanca","status":"publish","type":"post","link":"https:\/\/letempsmag.ma\/?p=38311","title":{"rendered":"Des orthop\u00e9distes internationaux se donnent rendez-vous \u00e0 Casablanca"},"content":{"rendered":"\n<p>L\u2019International Meeting of the United European Academy organisera \u00e0 Casablanca, les 27 et 27 septembre courant, une rencontre de haut niveau sur la chirurgie orthop\u00e9dique mondiale.<\/p>\n\n\n\n<p>Apr\u00e8s Saint Malo, Bordeaux, Cork, B\u00e2le et Barcelone, c\u2019est en effet la capitale \u00e9conomique du Royaume qui accueillera ce rendez-vous d\u2019excellence des sp\u00e9cialistes de la hanche et du genou. Deux jours durant, les participants d\u00e9battront autour d\u2019une th\u00e9matique centrale&nbsp;: \u00abL\u2019implant, la technique, le patient\u00bb. Une large partie du programme sera d\u00e9di\u00e9e aux nouvelles technologies et aux orientations innovantes de la pratique chirurgicale d\u2019aujourd\u2019hui et de demain&nbsp;: robotics, imagerie 3D, planification pr\u00e9op\u00e9ratoire et pr\u00e9vention des infections articulaires figureront parmi les th\u00e9matiques phares.<\/p>\n\n\n\n<p>L\u2019\u00e9v\u00e9nement sera organis\u00e9 en partenariat avec la Soci\u00e9t\u00e9 Marocaine de Chirurgie Orthop\u00e9dique et Traumatologique (SMACOT). La rencontre r\u00e9unira de nombreux conf\u00e9renciers, chirurgiens, chercheurs de renomm\u00e9e mondiale et leurs homologues marocains qui interviendront pour nourrir les d\u00e9bats tout en partageant leurs savoirs, confirmant ainsi le r\u00f4le central du Royaume dans le dialogue m\u00e9dical international.<\/p>\n\n\n\n<p>Avec un programme riche en sessions pl\u00e9ni\u00e8res, discussions et partages d\u2019exp\u00e9riences, le congr\u00e8s s\u2019annonce comme un jalon majeur pour l\u2019orthop\u00e9die mondiale et un tremplin pour la coop\u00e9ration scientifique et m\u00e9dicale du Maroc \u00e0 l\u2019\u00e9chelle internationale.<\/p>\n","protected":false},"excerpt":{"rendered":"<p>L\u2019International Meeting of the United European Academy organisera \u00e0 Casablanca, les 27 et 27 septembre courant, une rencontre de haut niveau sur la chirurgie orthop\u00e9dique mondiale. Apr\u00e8s Saint Malo, Bordeaux, Cork, B\u00e2le et Barcelone, c\u2019est en effet la capitale \u00e9conomique du Royaume qui accueillera ce rendez-vous d\u2019excellence des sp\u00e9cialistes de la hanche et du genou. &hellip;<\/p>\n","protected":false},"author":9,"featured_media":38298,"comment_status":"open","ping_status":"closed","sticky":false,"template":"","format":"standard","meta":{"footnotes":""},"categories":[26],"tags":[],"class_list":["post-38311","post","type-post","status-publish","format-standard","has-post-thumbnail","hentry","category-sante"],"_links":{"self":[{"href":"https:\/\/letempsmag.ma\/index.php?rest_route=\/wp\/v2\/posts\/38311","targetHints":{"allow":["GET"]}}],"collection":[{"href":"https:\/\/letempsmag.ma\/index.php?rest_route=\/wp\/v2\/posts"}],"about":[{"href":"https:\/\/letempsmag.ma\/index.php?rest_route=\/wp\/v2\/types\/post"}],"author":[{"embeddable":true,"href":"https:\/\/letempsmag.ma\/index.php?rest_route=\/wp\/v2\/users\/9"}],"replies":[{"embeddable":true,"href":"https:\/\/letempsmag.ma\/index.php?rest_route=%2Fwp%2Fv2%2Fcomments&post=38311"}],"version-history":[{"count":1,"href":"https:\/\/letempsmag.ma\/index.php?rest_route=\/wp\/v2\/posts\/38311\/revisions"}],"predecessor-version":[{"id":38312,"href":"https:\/\/letempsmag.ma\/index.php?rest_route=\/wp\/v2\/posts\/38311\/revisions\/38312"}],"wp:featuredmedia":[{"embeddable":true,"href":"https:\/\/letempsmag.ma\/index.php?rest_route=\/wp\/v2\/media\/38298"}],"wp:attachment":[{"href":"https:\/\/letempsmag.ma\/index.php?rest_route=%2Fwp%2Fv2%2Fmedia&parent=38311"}],"wp:term":[{"taxonomy":"category","embeddable":true,"href":"https:\/\/letempsmag.ma\/index.php?rest_route=%2Fwp%2Fv2%2Fcategories&post=38311"},{"taxonomy":"post_tag","embeddable":true,"href":"https:\/\/letempsmag.ma\/index.php?rest_route=%2Fwp%2Fv2%2Ftags&post=38311"}],"curies":[{"name":"wp","href":"https:\/\/api.w.org\/{rel}","templated":true}]}}