{"id":38309,"date":"2025-09-16T11:35:23","date_gmt":"2025-09-16T10:35:23","guid":{"rendered":"https:\/\/letempsmag.ma\/?p=38309"},"modified":"2025-09-16T11:35:23","modified_gmt":"2025-09-16T10:35:23","slug":"mart-studio-lance-sa-rentree-artistique-2025-2026","status":"publish","type":"post","link":"https:\/\/letempsmag.ma\/?p=38309","title":{"rendered":"M\u2019Art Studio lance sa rentr\u00e9e artistique 2025-2026"},"content":{"rendered":"\n<p>Et si la rentr\u00e9e \u00e9tait avant tout une promesse de cr\u00e9ativit\u00e9 et d\u2019\u00e9panouissement&nbsp;? C\u2019est l\u2019invitation que lance M\u2019Art Studio Marrakech en organisant ses journ\u00e9es portes ouvertes du 15 au 27 septembre courant. Plus qu\u2019un simple espace d\u2019activit\u00e9s, M\u2019Art Studio est un v\u00e9ritable laboratoire de cr\u00e9ativit\u00e9 o\u00f9 l\u2019art se vit, se partage et s\u2019invente. Il ouvre ses portes aux enfants, adolescents et adultes d\u00e9sireux de placer leur ann\u00e9e sous le signe de l\u2019expression et du plaisir.<\/p>\n\n\n\n<p><strong><em>Un lieu de d\u00e9couverte au c\u0153ur de M Avenue<\/em><\/strong><\/p>\n\n\n\n<p>Id\u00e9alement situ\u00e9, M\u2019Art Studio allie infrastructures modernes, esprit communautaire et ouverture sur le monde. Il s\u2019adresse autant aux habitants de Marrakech qu\u2019aux visiteurs de passage d\u00e9sireux de vivre l\u2019art autrement. Pens\u00e9 comme un v\u00e9ritable \u00e9crin pour les pratiques artistiques, le studio dispose d\u2019infrastructures de pointe \u2013 studios de danse, salles de musique insonoris\u00e9es, espaces cr\u00e9atifs et une terrasse panoramique ouverte sur la ville avec vue sur les jardins de la M\u00e9nara, offrant un environnement propice \u00e0 l\u2019inspiration comme \u00e0 la convivialit\u00e9.<\/p>\n\n\n\n<p><strong><em>Le moment phare de l\u2019ann\u00e9e artistique<\/em><\/strong><\/p>\n\n\n\n<p>Pendant deux semaines, le studio ouvre grand ses portes pour accueillir tous ceux qui souhaitent d\u00e9couvrir la richesse de ses disciplines, rencontrer une \u00e9quipe passionn\u00e9e et plonger dans une atmosph\u00e8re \u00e0 la fois chaleureuse et dynamique. Ces journ\u00e9es portes ouvertes offrent l\u2019occasion de tester diff\u00e9rentes activit\u00e9s, d\u2019\u00e9changer avec les professeurs et de ressentir l\u2019\u00e9nergie cr\u00e9ative qui anime le lieu toute l\u2019ann\u00e9e.<\/p>\n\n\n\n<p><strong><em>Une offre artistique pluridisciplinaire<\/em><\/strong><\/p>\n\n\n\n<p>Que l\u2019on soit attir\u00e9 par la gr\u00e2ce de la danse, la puissance du th\u00e9\u00e2tre, l\u2019harmonie de la musique, l\u2019audace des arts plastiques ou encore l\u2019innovation de la robotique, ont trouvera un espace pour laisser libre cours \u00e0 son talent. M\u2019Art Studio se distingue par une offre pluridisciplinaire qui s\u2019\u00e9tend de la com\u00e9die musicale au chant, et int\u00e8gre m\u00eame des pratiques de bien-\u00eatre comme le fitness et le yoga, affirmant sa vision d\u2019un art de vivre complet et inclusif.<\/p>\n\n\n\n<p><strong><em>Plus qu\u2019un cours, une communaut\u00e9&nbsp;!<\/em><\/strong><\/p>\n\n\n\n<p>S\u2019inscrire \u00e0 M\u2019Art Studio, c\u2019est int\u00e9grer une communaut\u00e9 artistique bienveillante et dynamique, ouverte aux curieux comme aux passionn\u00e9s. Ces journ\u00e9es portes ouvertes sont l\u2019occasion id\u00e9ale pour oser une nouvelle passion et d\u00e9marrer l\u2019ann\u00e9e sous le signe de la cr\u00e9ativit\u00e9 et du plaisir partag\u00e9.<\/p>\n\n\n\n<p><strong><em>Informations pratiques<\/em><\/strong><\/p>\n\n\n\n<p>&#8211; Journ\u00e9es portes ouvertes&nbsp;: du 15 au 27 septembre 2025.<\/p>\n\n\n\n<p>&#8211; Adresse&nbsp;: M\u2019Art Studio, M Avenue, Marrakech.<\/p>\n\n\n\n<p>&#8211; Contacts et inscriptions&nbsp;: 0662246080.<\/p>\n\n\n\n<p><strong><em>\u00c0 propos de M\u2019Art Studio<\/em><\/strong><\/p>\n\n\n\n<p>M\u2019Art Studio est un centre artistique unique situ\u00e9 sur la prestigieuse M Avenue \u00e0 Marrakech. Lieu de vie inclusif et inspirant, il propose une approche pluridisciplinaire des arts pour les enfants, adolescents et adultes : musique, danse, th\u00e9\u00e2tre, arts plastiques, robotique, et bien plus encore. Dot\u00e9 d\u2019infrastructures modernes et d\u2019une \u00e9quipe passionn\u00e9e, M\u2019Art Studio offre un cadre exceptionnel pour permettre \u00e0 chacun de d\u00e9velopper son potentiel artistique et de vivre pleinement sa cr\u00e9ativit\u00e9.<\/p>\n","protected":false},"excerpt":{"rendered":"<p>Et si la rentr\u00e9e \u00e9tait avant tout une promesse de cr\u00e9ativit\u00e9 et d\u2019\u00e9panouissement&nbsp;? C\u2019est l\u2019invitation que lance M\u2019Art Studio Marrakech en organisant ses journ\u00e9es portes ouvertes du 15 au 27 septembre courant. Plus qu\u2019un simple espace d\u2019activit\u00e9s, M\u2019Art Studio est un v\u00e9ritable laboratoire de cr\u00e9ativit\u00e9 o\u00f9 l\u2019art se vit, se partage et s\u2019invente. Il ouvre &hellip;<\/p>\n","protected":false},"author":9,"featured_media":38301,"comment_status":"open","ping_status":"closed","sticky":false,"template":"","format":"standard","meta":{"footnotes":""},"categories":[1363],"tags":[],"class_list":["post-38309","post","type-post","status-publish","format-standard","has-post-thumbnail","hentry","category-epanouissement"],"_links":{"self":[{"href":"https:\/\/letempsmag.ma\/index.php?rest_route=\/wp\/v2\/posts\/38309","targetHints":{"allow":["GET"]}}],"collection":[{"href":"https:\/\/letempsmag.ma\/index.php?rest_route=\/wp\/v2\/posts"}],"about":[{"href":"https:\/\/letempsmag.ma\/index.php?rest_route=\/wp\/v2\/types\/post"}],"author":[{"embeddable":true,"href":"https:\/\/letempsmag.ma\/index.php?rest_route=\/wp\/v2\/users\/9"}],"replies":[{"embeddable":true,"href":"https:\/\/letempsmag.ma\/index.php?rest_route=%2Fwp%2Fv2%2Fcomments&post=38309"}],"version-history":[{"count":1,"href":"https:\/\/letempsmag.ma\/index.php?rest_route=\/wp\/v2\/posts\/38309\/revisions"}],"predecessor-version":[{"id":38310,"href":"https:\/\/letempsmag.ma\/index.php?rest_route=\/wp\/v2\/posts\/38309\/revisions\/38310"}],"wp:featuredmedia":[{"embeddable":true,"href":"https:\/\/letempsmag.ma\/index.php?rest_route=\/wp\/v2\/media\/38301"}],"wp:attachment":[{"href":"https:\/\/letempsmag.ma\/index.php?rest_route=%2Fwp%2Fv2%2Fmedia&parent=38309"}],"wp:term":[{"taxonomy":"category","embeddable":true,"href":"https:\/\/letempsmag.ma\/index.php?rest_route=%2Fwp%2Fv2%2Fcategories&post=38309"},{"taxonomy":"post_tag","embeddable":true,"href":"https:\/\/letempsmag.ma\/index.php?rest_route=%2Fwp%2Fv2%2Ftags&post=38309"}],"curies":[{"name":"wp","href":"https:\/\/api.w.org\/{rel}","templated":true}]}}