{"id":38293,"date":"2025-09-13T17:49:39","date_gmt":"2025-09-13T16:49:39","guid":{"rendered":"https:\/\/letempsmag.ma\/?p=38293"},"modified":"2025-10-10T16:43:12","modified_gmt":"2025-10-10T15:43:12","slug":"les-10-plaies-disrael","status":"publish","type":"post","link":"https:\/\/letempsmag.ma\/?p=38293","title":{"rendered":"Les 10 plaies d\u2019Isra\u00ebl"},"content":{"rendered":"\n<p class=\"has-text-align-center\"><strong>Par HASSAN EL ARCH<br>Directeur de la R\u00e9daction<br>direction@letempsmag.ma<\/strong><\/p>\n\n\n\n<p><strong>Isra\u00ebl est un \u00c9tat belliqueux<\/strong><\/p>\n\n\n\n<p>Le pays est d\u00e9finitivement incapable de vivre en bonne intelligence avec ses voisins et agit toujours en entit\u00e9 cohabitant en danger\u2026 de paix.<\/p>\n\n\n\n<p><strong>Isra\u00ebl est un \u00c9tat amn\u00e9sique<\/strong><\/p>\n\n\n\n<p>Il oublie son propre Holocauste sous le r\u00e9gime nazi et l\u2019inflige aujourd\u2019hui aux Palestiniens.<\/p>\n\n\n\n<p><strong>Isra\u00ebl est un \u00c9tat voyou<\/strong><\/p>\n\n\n\n<p>Il estime que les r\u00e8gles du droit international ne le concernent pas et les viole quand bon lui semble.<\/p>\n\n\n\n<p><strong>Isra\u00ebl est un \u00c9tat criminel<\/strong><\/p>\n\n\n\n<p>Tel Aviv a assassin\u00e9, jusqu\u2019\u00e0 pr\u00e9sent, 64.000 enfants, femmes, vieillards, malades et civils innocents \u00e0 Gaza, dont 46% d&#8217;hommes, 16% de femmes, 31% d&#8217;enfants et 7% de personnes \u00e2g\u00e9es.<\/p>\n\n\n\n<p><strong>Isra\u00ebl est un \u00c9tat pr\u00e9dateur<\/strong><\/p>\n\n\n\n<p>La solution de deux \u00c9tats, Isra\u00ebl et Palestine, lui donne des cauchemars effroyables et l\u2019am\u00e8ne \u00e0 annexer, coloniser, d\u00e9truire et \u00e9radiquer l\u2019identit\u00e9 m\u00eame des habitants de Gaza et de Cisjordanie.<\/p>\n\n\n\n<p><strong>Isra\u00ebl est un \u00c9tat fourbe<\/strong><\/p>\n\n\n\n<p>Il endosse les apparats de la d\u00e9mocratie et, ce faisant, annexe, assassine et colonise sans cesse de nouveaux territoires arabes au nom de la survie du peuple juif.<\/p>\n\n\n\n<p><strong>Isra\u00ebl est un \u00c9tat immoral<\/strong><\/p>\n\n\n\n<p>Tel Aviv viole, sans aucun \u00e9tat d\u2019\u00e2me, les r\u00e8gles de la morale universelle en attaquant un pays souverain, le Qatar, qui officie depuis deux ans comme conciliateur dans les pourparlers de paix.<\/p>\n\n\n\n<p><strong>Isra\u00ebl est un \u00c9tat raciste<\/strong><\/p>\n\n\n\n<p>Les Juifs seuls sont des \u00eatres humains et les Palestiniens ne sont rien que des \u00abanimaux humains\u00bb comme l\u2019a proclam\u00e9 \u00e0 la face du monde l\u2019ancien ministre de la guerre, Yoav Galant.<\/p>\n\n\n\n<p><strong>Isra\u00ebl est un \u00c9tat supr\u00e9maciste<\/strong><\/p>\n\n\n\n<p>Le gouvernement Netanyahu place Isra\u00ebl, sans aucun complexe, au-dessus de l\u2019humanit\u00e9 tout enti\u00e8re et pr\u00f4ne le sionisme comme doctrine existentielle.<\/p>\n\n\n\n<p><strong>Isra\u00ebl est un \u00c9tat dictateur<\/strong><\/p>\n\n\n\n<p>Plus de la moiti\u00e9 de la population isra\u00e9lienne et une bonne partie de son appareil militaire lui-m\u00eame s\u2019\u00e9l\u00e8vent de plus en plus contre la gestion de la crise par le gouvernement Netanyahu. Des citoyens \u00e0 bout ! Et de plus en plus de soldats traumatis\u00e9s par la guerre depuis trois ans !<\/p>\n","protected":false},"excerpt":{"rendered":"<p>Par HASSAN EL ARCHDirecteur de la R\u00e9dactiondirection@letempsmag.ma Isra\u00ebl est un \u00c9tat belliqueux Le pays est d\u00e9finitivement incapable de vivre en bonne intelligence avec ses voisins et agit toujours en entit\u00e9 cohabitant en danger\u2026 de paix. Isra\u00ebl est un \u00c9tat amn\u00e9sique Il oublie son propre Holocauste sous le r\u00e9gime nazi et l\u2019inflige aujourd\u2019hui aux Palestiniens. Isra\u00ebl &hellip;<\/p>\n","protected":false},"author":9,"featured_media":30319,"comment_status":"open","ping_status":"closed","sticky":false,"template":"","format":"standard","meta":{"footnotes":""},"categories":[44],"tags":[],"class_list":["post-38293","post","type-post","status-publish","format-standard","has-post-thumbnail","hentry","category-edito"],"_links":{"self":[{"href":"https:\/\/letempsmag.ma\/index.php?rest_route=\/wp\/v2\/posts\/38293","targetHints":{"allow":["GET"]}}],"collection":[{"href":"https:\/\/letempsmag.ma\/index.php?rest_route=\/wp\/v2\/posts"}],"about":[{"href":"https:\/\/letempsmag.ma\/index.php?rest_route=\/wp\/v2\/types\/post"}],"author":[{"embeddable":true,"href":"https:\/\/letempsmag.ma\/index.php?rest_route=\/wp\/v2\/users\/9"}],"replies":[{"embeddable":true,"href":"https:\/\/letempsmag.ma\/index.php?rest_route=%2Fwp%2Fv2%2Fcomments&post=38293"}],"version-history":[{"count":1,"href":"https:\/\/letempsmag.ma\/index.php?rest_route=\/wp\/v2\/posts\/38293\/revisions"}],"predecessor-version":[{"id":38294,"href":"https:\/\/letempsmag.ma\/index.php?rest_route=\/wp\/v2\/posts\/38293\/revisions\/38294"}],"wp:featuredmedia":[{"embeddable":true,"href":"https:\/\/letempsmag.ma\/index.php?rest_route=\/wp\/v2\/media\/30319"}],"wp:attachment":[{"href":"https:\/\/letempsmag.ma\/index.php?rest_route=%2Fwp%2Fv2%2Fmedia&parent=38293"}],"wp:term":[{"taxonomy":"category","embeddable":true,"href":"https:\/\/letempsmag.ma\/index.php?rest_route=%2Fwp%2Fv2%2Fcategories&post=38293"},{"taxonomy":"post_tag","embeddable":true,"href":"https:\/\/letempsmag.ma\/index.php?rest_route=%2Fwp%2Fv2%2Ftags&post=38293"}],"curies":[{"name":"wp","href":"https:\/\/api.w.org\/{rel}","templated":true}]}}