{"id":38249,"date":"2025-09-12T11:20:27","date_gmt":"2025-09-12T10:20:27","guid":{"rendered":"https:\/\/letempsmag.ma\/?p=38249"},"modified":"2025-09-12T11:20:27","modified_gmt":"2025-09-12T10:20:27","slug":"raid-disrael-sur-le-qatar-la-declaration-forte-de-nasser-bourita","status":"publish","type":"post","link":"https:\/\/letempsmag.ma\/?p=38249","title":{"rendered":"Raid d\u2019Isra\u00ebl sur le Qatar\u00a0: la d\u00e9claration forte de Nasser Bourita"},"content":{"rendered":"\n<p>Le Ministre des Affaires \u00e9trang\u00e8res, de la Coop\u00e9ration africaine et des Marocains r\u00e9sidant \u00e0 l\u2019\u00e9tranger, Nasser Bourita, a affirm\u00e9 hier \u00e0 Rabat que le Maroc consid\u00e8re les d\u00e9clarations au sujet de l\u2019occupation de la Bande de Gaza et de la d\u00e9portation des Palestiniens de cette enclave comme \u00abdangereuses et inacceptables\u00bb, soulignant qu\u2019\u00abelles doivent \u00eatre trait\u00e9es avec la fermet\u00e9 et la rigueur n\u00e9cessaires\u00bb. Le chef de la diplomatie souligne que \u00abLe danger de ces d\u00e9clarations affecte les civils \u00e0 Gaza et touche \u00e9galement la stabilit\u00e9 des pays voisins et celle de la r\u00e9gion.<\/p>\n\n\n\n<p>Nasser Bourita a par ailleurs indiqu\u00e9 que \u00abLa position du Royaume du Maroc, sous la conduite de S.M. le Roi Mohammed VI, Pr\u00e9sident du Comit\u00e9 Al Qods, est claire, \u00e0 savoir la ferme condamnation et le rejet cat\u00e9gorique de ces d\u00e9clarations provocatrices\u00bb, estimant qu\u2019il ne s\u2019agit pas seulement d\u2019une violation du droit international ou du droit international humanitaire, mais aussi d\u2019une atteinte aux fondements de la stabilit\u00e9 et de celle des pays voisins.<\/p>\n\n\n\n<p>Concernant les agressions ayant vis\u00e9 le Qatar, le Ministre a affirm\u00e9 que le Maroc, sur hautes instructions du Souverain, a publi\u00e9 un communiqu\u00e9 condamnant ces agressions et exprimant sa solidarit\u00e9 avec le Qatar face \u00e0 l\u2019atteinte \u00e0 sa souverainet\u00e9 et \u00e0 la qui\u00e9tude de son peuple, relevant que le Royaume a soutenu la tenue d\u2019un Sommet arabe extraordinaire, suite \u00e0 cette agression inacceptable. Il a aussi rappel\u00e9 que le Maroc, sous la conduite de S.M. le Roi Mohammed VI, Pr\u00e9sident du Comit\u00e9 Al Qods, r\u00e9affirme, dans tous les forums que ces pratiques sont inacceptables et doivent cesser, \u00e0 travers le recours \u00e0 tous les m\u00e9canismes dont dispose de la communaut\u00e9 internationale pour faire face \u00e0 cette violation du droit international et du droit international humanitaire.<\/p>\n\n\n\n<p>\u00abLe recours \u00e0 la famine et le ciblage de journalistes, d\u2019innocents et de civils sans d\u00e9fense interpellent la conscience humaine avant d\u2019interpeller le droit international\u00bb, a insist\u00e9 Nasser Bourita.<\/p>\n","protected":false},"excerpt":{"rendered":"<p>Le Ministre des Affaires \u00e9trang\u00e8res, de la Coop\u00e9ration africaine et des Marocains r\u00e9sidant \u00e0 l\u2019\u00e9tranger, Nasser Bourita, a affirm\u00e9 hier \u00e0 Rabat que le Maroc consid\u00e8re les d\u00e9clarations au sujet de l\u2019occupation de la Bande de Gaza et de la d\u00e9portation des Palestiniens de cette enclave comme \u00abdangereuses et inacceptables\u00bb, soulignant qu\u2019\u00abelles doivent \u00eatre trait\u00e9es &hellip;<\/p>\n","protected":false},"author":9,"featured_media":38232,"comment_status":"open","ping_status":"closed","sticky":false,"template":"","format":"standard","meta":{"footnotes":""},"categories":[1096],"tags":[],"class_list":["post-38249","post","type-post","status-publish","format-standard","has-post-thumbnail","hentry","category-proche-orient"],"_links":{"self":[{"href":"https:\/\/letempsmag.ma\/index.php?rest_route=\/wp\/v2\/posts\/38249","targetHints":{"allow":["GET"]}}],"collection":[{"href":"https:\/\/letempsmag.ma\/index.php?rest_route=\/wp\/v2\/posts"}],"about":[{"href":"https:\/\/letempsmag.ma\/index.php?rest_route=\/wp\/v2\/types\/post"}],"author":[{"embeddable":true,"href":"https:\/\/letempsmag.ma\/index.php?rest_route=\/wp\/v2\/users\/9"}],"replies":[{"embeddable":true,"href":"https:\/\/letempsmag.ma\/index.php?rest_route=%2Fwp%2Fv2%2Fcomments&post=38249"}],"version-history":[{"count":1,"href":"https:\/\/letempsmag.ma\/index.php?rest_route=\/wp\/v2\/posts\/38249\/revisions"}],"predecessor-version":[{"id":38250,"href":"https:\/\/letempsmag.ma\/index.php?rest_route=\/wp\/v2\/posts\/38249\/revisions\/38250"}],"wp:featuredmedia":[{"embeddable":true,"href":"https:\/\/letempsmag.ma\/index.php?rest_route=\/wp\/v2\/media\/38232"}],"wp:attachment":[{"href":"https:\/\/letempsmag.ma\/index.php?rest_route=%2Fwp%2Fv2%2Fmedia&parent=38249"}],"wp:term":[{"taxonomy":"category","embeddable":true,"href":"https:\/\/letempsmag.ma\/index.php?rest_route=%2Fwp%2Fv2%2Fcategories&post=38249"},{"taxonomy":"post_tag","embeddable":true,"href":"https:\/\/letempsmag.ma\/index.php?rest_route=%2Fwp%2Fv2%2Ftags&post=38249"}],"curies":[{"name":"wp","href":"https:\/\/api.w.org\/{rel}","templated":true}]}}