{"id":38247,"date":"2025-09-12T11:19:35","date_gmt":"2025-09-12T10:19:35","guid":{"rendered":"https:\/\/letempsmag.ma\/?p=38247"},"modified":"2025-09-12T11:19:35","modified_gmt":"2025-09-12T10:19:35","slug":"le-president-de-masen-tarik-ameziane-moufaddal-elu-a-la-tete-du-cluster-enr-maroc","status":"publish","type":"post","link":"https:\/\/letempsmag.ma\/?p=38247","title":{"rendered":"Le Pr\u00e9sident de MASEN, Tarik Ameziane Moufaddal, \u00e9lu \u00e0 la t\u00eate du Cluster ENR Maroc"},"content":{"rendered":"\n<p>Le Pr\u00e9sident Directeur G\u00e9n\u00e9ral de l&#8217;Agence marocaine pour l&#8217;\u00e9nergie durable (MASEN), Tarik Ameziane Moufaddal, a \u00e9t\u00e9 \u00e9lu Pr\u00e9sident du Cluster ENR Maroc lors de son assembl\u00e9e g\u00e9n\u00e9rale \u00e9lective, tenue mercredi dernier \u00e0 Casablanca.<\/p>\n\n\n\n<p>Marqu\u00e9e par la pr\u00e9sence du Ministre de l\u2019Industrie et du Commerce, Ryad Mezzour, cette assembl\u00e9e a r\u00e9uni plus de 150 membres et partenaires institutionnels et a permis au Cluster ENR Maroc de renouveler son Conseil d&#8217;administration dans une dynamique de continuit\u00e9 et de consolidation de sa gouvernance, indique le Cluster ENR Maroc dans un communiqu\u00e9. En outre, cette r\u00e9union a mis en exergue le r\u00f4le cl\u00e9 du Cluster dans l\u2019accompagnement des grandes orientations \u00e9nerg\u00e9tiques du Royaume, poursuit la m\u00eame source.<\/p>\n\n\n\n<p>Ryad Mezzour a d\u00e9clar\u00e9&nbsp;: \u00abLa tenue de cette assembl\u00e9e g\u00e9n\u00e9rale \u00e9lective t\u00e9moigne de l&#8217;engagement renouvel\u00e9 des membres du Cluster ENR Maroc en faveur de la transition \u00e9nerg\u00e9tique et ouvre la voie \u00e0 une nouvelle dynamique, porteuse d&#8217;opportunit\u00e9s pour l&#8217;\u00e9cosyst\u00e8me national des \u00e9nergies renouvelables\u00bb. Il a aussi relev\u00e9 qu&#8217;en tant que v\u00e9ritable plateforme d&#8217;innovation et de comp\u00e9titivit\u00e9, le Cluster ENR joue un r\u00f4le central dans l&#8217;ancrage industriel et territorial des projets strat\u00e9giques d&#8217;\u00e9nergies renouvelables. Et d&#8217;ajouter&nbsp;: \u00abNous l&#8217;encourageons \u00e0 poursuivre ses initiatives favorisant l&#8217;int\u00e9gration locale et \u00e0 se positionner davantage sur les technologies d&#8217;avenir, notamment les batteries, le stockage d&#8217;\u00e9nergie et l&#8217;hydrog\u00e8ne vert, des secteurs dans lesquels le Royaume s&#8217;engage pleinement pour consolider son leadership industriel et \u00e9nerg\u00e9tique\u00bb.<\/p>\n\n\n\n<p>De son c\u00f4t\u00e9, la Ministre de la Transition \u00e9nerg\u00e9tique et du D\u00e9veloppement durable, Leila Benali, a soulign\u00e9 dans un message lu en son nom par Mohamed Ouahmid, Secr\u00e9taire G\u00e9n\u00e9ral du m\u00eame minist\u00e8re&nbsp;: \u00abLe Cluster ENR a un r\u00f4le crucial \u00e0 jouer dans la dynamique nationale \u00e9volutive de la transition \u00e9nerg\u00e9tique. En f\u00e9d\u00e9rant les comp\u00e9tences, en stimulant l&#8217;innovation et l&#8217;int\u00e9gration industrielle pour une \u00e9nergie plus abordable et bas Carbone, le Cluster ENR nous aide \u00e0 renforcer la comp\u00e9titivit\u00e9 des entreprises, \u00e0 d\u00e9velopper une offre locale, et \u00e0 soutenir la cr\u00e9ation d&#8217;emplois durables\u00bb.<\/p>\n\n\n\n<p>Cr\u00e9\u00e9 en 2014 \u00e0 l\u2019initiative de MASEN et des F\u00e9d\u00e9rations professionnelles, le Cluster ENR est une Association \u00e0 but non lucratif. Plac\u00e9 sous l\u2019\u00e9gide du minist\u00e8re de la Transition \u00e9nerg\u00e9tique et du D\u00e9veloppement durable et soutenu par le minist\u00e8re de l\u2019Industrie et du Commerce, il agit comme catalyseur d\u2019innovation, d\u2019industrialisation et de comp\u00e9titivit\u00e9 dans les \u00e9nergies renouvelables.<\/p>\n","protected":false},"excerpt":{"rendered":"<p>Le Pr\u00e9sident Directeur G\u00e9n\u00e9ral de l&#8217;Agence marocaine pour l&#8217;\u00e9nergie durable (MASEN), Tarik Ameziane Moufaddal, a \u00e9t\u00e9 \u00e9lu Pr\u00e9sident du Cluster ENR Maroc lors de son assembl\u00e9e g\u00e9n\u00e9rale \u00e9lective, tenue mercredi dernier \u00e0 Casablanca. Marqu\u00e9e par la pr\u00e9sence du Ministre de l\u2019Industrie et du Commerce, Ryad Mezzour, cette assembl\u00e9e a r\u00e9uni plus de 150 membres et &hellip;<\/p>\n","protected":false},"author":9,"featured_media":38229,"comment_status":"open","ping_status":"closed","sticky":false,"template":"","format":"standard","meta":{"footnotes":""},"categories":[78],"tags":[],"class_list":["post-38247","post","type-post","status-publish","format-standard","has-post-thumbnail","hentry","category-energie"],"_links":{"self":[{"href":"https:\/\/letempsmag.ma\/index.php?rest_route=\/wp\/v2\/posts\/38247","targetHints":{"allow":["GET"]}}],"collection":[{"href":"https:\/\/letempsmag.ma\/index.php?rest_route=\/wp\/v2\/posts"}],"about":[{"href":"https:\/\/letempsmag.ma\/index.php?rest_route=\/wp\/v2\/types\/post"}],"author":[{"embeddable":true,"href":"https:\/\/letempsmag.ma\/index.php?rest_route=\/wp\/v2\/users\/9"}],"replies":[{"embeddable":true,"href":"https:\/\/letempsmag.ma\/index.php?rest_route=%2Fwp%2Fv2%2Fcomments&post=38247"}],"version-history":[{"count":1,"href":"https:\/\/letempsmag.ma\/index.php?rest_route=\/wp\/v2\/posts\/38247\/revisions"}],"predecessor-version":[{"id":38248,"href":"https:\/\/letempsmag.ma\/index.php?rest_route=\/wp\/v2\/posts\/38247\/revisions\/38248"}],"wp:featuredmedia":[{"embeddable":true,"href":"https:\/\/letempsmag.ma\/index.php?rest_route=\/wp\/v2\/media\/38229"}],"wp:attachment":[{"href":"https:\/\/letempsmag.ma\/index.php?rest_route=%2Fwp%2Fv2%2Fmedia&parent=38247"}],"wp:term":[{"taxonomy":"category","embeddable":true,"href":"https:\/\/letempsmag.ma\/index.php?rest_route=%2Fwp%2Fv2%2Fcategories&post=38247"},{"taxonomy":"post_tag","embeddable":true,"href":"https:\/\/letempsmag.ma\/index.php?rest_route=%2Fwp%2Fv2%2Ftags&post=38247"}],"curies":[{"name":"wp","href":"https:\/\/api.w.org\/{rel}","templated":true}]}}