{"id":38245,"date":"2025-09-12T11:18:30","date_gmt":"2025-09-12T10:18:30","guid":{"rendered":"https:\/\/letempsmag.ma\/?p=38245"},"modified":"2025-09-12T11:18:31","modified_gmt":"2025-09-12T10:18:31","slug":"le-maroc-renforce-la-surveillance-des-importations-de-motos","status":"publish","type":"post","link":"https:\/\/letempsmag.ma\/?p=38245","title":{"rendered":"Le Maroc renforce la surveillance des importations de motos"},"content":{"rendered":"\n<p>Apr\u00e8s le report de 12 mois de l\u2019entr\u00e9e en vigueur du compteur de vitesse des motos et suite \u00e0 la vive pol\u00e9mique concernant cette d\u00e9cision, le minist\u00e8re des Transports et de la Logistique a annonc\u00e9 de nouvelles mesures visant \u00e0 renforcer le contr\u00f4le des motos import\u00e9es. Cette initiative intervient dans un contexte de forte augmentation des importations de motos, notamment en provenance de Chine, et de pr\u00e9occupations croissantes concernant la s\u00e9curit\u00e9 routi\u00e8re.<\/p>\n\n\n\n<p>Dans une d\u00e9claration \u00e0 la Soci\u00e9t\u00e9 Nationale de Radio et T\u00e9l\u00e9vision (SNRT), un haut responsable a indiqu\u00e9 que des cellules de contr\u00f4le seraient bient\u00f4t mises en place aux postes fronti\u00e8res, notamment dans les ports. Ces unit\u00e9s comprendront des repr\u00e9sentants de l&#8217;administration des douanes et d&#8217;autres secteurs concern\u00e9s afin de v\u00e9rifier la conformit\u00e9 avant l&#8217;entr\u00e9e des motos dans le pays.<\/p>\n\n\n\n<p>Le minist\u00e8re explique que cette mesure vise \u00e0 rationaliser les op\u00e9rations d&#8217;importation pour les entreprises certifi\u00e9es \u00abGreen Pass\u00bb, notamment les cyclomoteurs motoris\u00e9s, qui r\u00e9pondent d\u00e9j\u00e0 aux normes techniques officielles.&nbsp;<\/p>\n\n\n\n<p>Cette d\u00e9cision fait suite aux donn\u00e9es partag\u00e9es par le minist\u00e8re du Commerce et de l&#8217;Industrie et l&#8217;Administration des Douanes, r\u00e9v\u00e9lant une forte augmentation des importations, passant de 121.674 motos en 2022 \u00e0 336.970 en 2024. Plus de 90% de ces v\u00e9hicules ont \u00e9t\u00e9 d\u00e9clar\u00e9s comme ayant une cylindr\u00e9e inf\u00e9rieure \u00e0 50 centim\u00e8tres cubes.<\/p>\n\n\n\n<p>La m\u00eame source ajoute que les autorit\u00e9s pourraient r\u00e9viser les sanctions pour les propri\u00e9taires de motos dont les v\u00e9hicules ne r\u00e9pondent pas aux exigences techniques. Des discussions sont \u00e9galement en cours pour am\u00e9liorer les m\u00e9canismes de contr\u00f4le des importations et consolider les processus de certification, en coordination avec les services comp\u00e9tents.<\/p>\n","protected":false},"excerpt":{"rendered":"<p>Apr\u00e8s le report de 12 mois de l\u2019entr\u00e9e en vigueur du compteur de vitesse des motos et suite \u00e0 la vive pol\u00e9mique concernant cette d\u00e9cision, le minist\u00e8re des Transports et de la Logistique a annonc\u00e9 de nouvelles mesures visant \u00e0 renforcer le contr\u00f4le des motos import\u00e9es. Cette initiative intervient dans un contexte de forte augmentation &hellip;<\/p>\n","protected":false},"author":9,"featured_media":38235,"comment_status":"open","ping_status":"closed","sticky":false,"template":"","format":"standard","meta":{"footnotes":""},"categories":[162],"tags":[],"class_list":["post-38245","post","type-post","status-publish","format-standard","has-post-thumbnail","hentry","category-mobilite"],"_links":{"self":[{"href":"https:\/\/letempsmag.ma\/index.php?rest_route=\/wp\/v2\/posts\/38245","targetHints":{"allow":["GET"]}}],"collection":[{"href":"https:\/\/letempsmag.ma\/index.php?rest_route=\/wp\/v2\/posts"}],"about":[{"href":"https:\/\/letempsmag.ma\/index.php?rest_route=\/wp\/v2\/types\/post"}],"author":[{"embeddable":true,"href":"https:\/\/letempsmag.ma\/index.php?rest_route=\/wp\/v2\/users\/9"}],"replies":[{"embeddable":true,"href":"https:\/\/letempsmag.ma\/index.php?rest_route=%2Fwp%2Fv2%2Fcomments&post=38245"}],"version-history":[{"count":1,"href":"https:\/\/letempsmag.ma\/index.php?rest_route=\/wp\/v2\/posts\/38245\/revisions"}],"predecessor-version":[{"id":38246,"href":"https:\/\/letempsmag.ma\/index.php?rest_route=\/wp\/v2\/posts\/38245\/revisions\/38246"}],"wp:featuredmedia":[{"embeddable":true,"href":"https:\/\/letempsmag.ma\/index.php?rest_route=\/wp\/v2\/media\/38235"}],"wp:attachment":[{"href":"https:\/\/letempsmag.ma\/index.php?rest_route=%2Fwp%2Fv2%2Fmedia&parent=38245"}],"wp:term":[{"taxonomy":"category","embeddable":true,"href":"https:\/\/letempsmag.ma\/index.php?rest_route=%2Fwp%2Fv2%2Fcategories&post=38245"},{"taxonomy":"post_tag","embeddable":true,"href":"https:\/\/letempsmag.ma\/index.php?rest_route=%2Fwp%2Fv2%2Ftags&post=38245"}],"curies":[{"name":"wp","href":"https:\/\/api.w.org\/{rel}","templated":true}]}}