{"id":38237,"date":"2025-09-12T11:14:09","date_gmt":"2025-09-12T10:14:09","guid":{"rendered":"https:\/\/letempsmag.ma\/?p=38237"},"modified":"2025-09-12T11:14:09","modified_gmt":"2025-09-12T10:14:09","slug":"gourmet-collections-celebre-la-rentree-avec-le-retour-des-dejeuners-signature-a-m-avenue","status":"publish","type":"post","link":"https:\/\/letempsmag.ma\/?p=38237","title":{"rendered":"Gourmet Collections c\u00e9l\u00e8bre la rentr\u00e9e avec le retour des d\u00e9jeuners Signature \u00e0 M Avenue"},"content":{"rendered":"\n<p>Pour c\u00e9l\u00e9brer le retour du mois de septembre et les belles journ\u00e9es de saison, Gourmet Collections annonce la reprise de ses offres d\u00e9jeuner au sein de ses \u00e9tablissements embl\u00e9matiques de M Avenue, \u00e0 Marrakech. Une invitation aux professionnels, visiteurs, r\u00e9sidents et \u00e9picuriens \u00e0 transformer la pause m\u00e9ridienne en une exp\u00e9rience sensorielle unique.<\/p>\n\n\n\n<p>Acteur privil\u00e9gi\u00e9 de l\u2019hospitalit\u00e9, Gourmet Collections se distingue par sa capacit\u00e9 \u00e0 cr\u00e9er des univers o\u00f9 chaque d\u00e9tail raconte une histoire. Au c\u0153ur de M Avenue, le groupe orchestre un voyage culinaire, r\u00e9unissant des identit\u00e9s fortes et des savoir-faire d\u2019exception, et signe ainsi le grand retour de ses formules d\u00e9jeuner, pens\u00e9es comme une c\u00e9l\u00e9bration accessible du go\u00fbt.<\/p>\n\n\n\n<p>Au carrefour de ces saveurs du monde, 5 \u00e9tablissements&nbsp;: Akira Back, Douar, Toro, Caf\u00e9 Grec et Gontran Cherrier. Ils unissent leurs savoir-faire pour proposer une table riche en contrastes, o\u00f9 les traditions marocaines \u00e9pousent des influences internationales.<\/p>\n\n\n\n<p>Au Douar, la cuisine marocaine s\u2019offre en toute g\u00e9n\u00e9rosit\u00e9, sublim\u00e9e par les toits de Marrakech : un menu \u00e0 180 DH (entr\u00e9e et plat ou plat et dessert) pour savourer l\u2019essence d\u2019une tradition authentique dans un cadre rooftop idyllique.&nbsp;<\/p>\n\n\n\n<p>Le Caf\u00e9 Grec, v\u00e9ritable esplanade grecque au c\u0153ur de Marrakech, invite, pour moins de 150 DH, \u00e0 une halte m\u00e9diterran\u00e9enne entre moussaka ensoleill\u00e9e, salade grecque parfum\u00e9e et autres d\u00e9lices de la mer \u00c9g\u00e9e.<\/p>\n\n\n\n<p>Toro by Richard Sandoval entra\u00eene les convives dans une \u00e9vasion pan-latine en trois temps (entr\u00e9e, plat et dessert) pour 250 DH, id\u00e9ale pour une pause gourmande entre tradition et modernit\u00e9.&nbsp;<\/p>\n\n\n\n<p>Gontran Cherrier c\u00e9l\u00e8bre l\u2019art boulanger fran\u00e7ais avec un d\u00e9jeuner \u00abOn the go\u00bb et des formules sandwich rapides et raffin\u00e9es d\u00e8s 60 DH.<\/p>\n\n\n\n<p>Du raffinement contemporain d\u2019Akira Back au charme solaire du Caf\u00e9 Grec, de la cr\u00e9ativit\u00e9 pan-latine de Toro \u00e0 la chaleur du Douar, sans oublier la gourmandise nomade de Gontran Cherrier, chaque \u00e9tablissement d\u00e9ploie son identit\u00e9 avec exigence et caract\u00e8re.<\/p>\n\n\n\n<p><strong><em>\u00c0 propos de Gourmet Collections<\/em><\/strong><\/p>\n\n\n\n<p>Acteur majeur de l\u2019hospitalit\u00e9 marocaine, Gourmet Collections est une marque regroupant un mus\u00e9e, un networking space et une s\u00e9lection raffin\u00e9e de restaurants \u00e0 Marrakech, chacun offrant une exp\u00e9rience culinaire unique. De la M\u00e9dina aux toits de M Avenue, chaque \u00e9v\u00e9nement chez Gourmet Collections est une immersion dans le luxe et la culture marocaine.<\/p>\n\n\n\n<p><strong><em>\u00c0 propos de M Avenue<\/em><\/strong><\/p>\n\n\n\n<p>\u00c9picentre culturel et commercial de Marrakech, M Avenue incarne l\u2019art de vivre marocain \u00e0 travers une s\u00e9lection minutieuse de boutiques, de restaurants gastronomiques et d\u2019\u00e9v\u00e9nements exclusifs. Engag\u00e9e dans la culture, l\u2019innovation et l\u2019excellence, la destination ne cesse de repousser les fronti\u00e8res de l\u2019exp\u00e9rience client, en harmonie avec l\u2019\u00e2me vibrante de la ville rouge.<\/p>\n","protected":false},"excerpt":{"rendered":"<p>Pour c\u00e9l\u00e9brer le retour du mois de septembre et les belles journ\u00e9es de saison, Gourmet Collections annonce la reprise de ses offres d\u00e9jeuner au sein de ses \u00e9tablissements embl\u00e9matiques de M Avenue, \u00e0 Marrakech. Une invitation aux professionnels, visiteurs, r\u00e9sidents et \u00e9picuriens \u00e0 transformer la pause m\u00e9ridienne en une exp\u00e9rience sensorielle unique. Acteur privil\u00e9gi\u00e9 de &hellip;<\/p>\n","protected":false},"author":9,"featured_media":38233,"comment_status":"open","ping_status":"closed","sticky":false,"template":"","format":"standard","meta":{"footnotes":""},"categories":[1327],"tags":[],"class_list":["post-38237","post","type-post","status-publish","format-standard","has-post-thumbnail","hentry","category-sorties"],"_links":{"self":[{"href":"https:\/\/letempsmag.ma\/index.php?rest_route=\/wp\/v2\/posts\/38237","targetHints":{"allow":["GET"]}}],"collection":[{"href":"https:\/\/letempsmag.ma\/index.php?rest_route=\/wp\/v2\/posts"}],"about":[{"href":"https:\/\/letempsmag.ma\/index.php?rest_route=\/wp\/v2\/types\/post"}],"author":[{"embeddable":true,"href":"https:\/\/letempsmag.ma\/index.php?rest_route=\/wp\/v2\/users\/9"}],"replies":[{"embeddable":true,"href":"https:\/\/letempsmag.ma\/index.php?rest_route=%2Fwp%2Fv2%2Fcomments&post=38237"}],"version-history":[{"count":1,"href":"https:\/\/letempsmag.ma\/index.php?rest_route=\/wp\/v2\/posts\/38237\/revisions"}],"predecessor-version":[{"id":38238,"href":"https:\/\/letempsmag.ma\/index.php?rest_route=\/wp\/v2\/posts\/38237\/revisions\/38238"}],"wp:featuredmedia":[{"embeddable":true,"href":"https:\/\/letempsmag.ma\/index.php?rest_route=\/wp\/v2\/media\/38233"}],"wp:attachment":[{"href":"https:\/\/letempsmag.ma\/index.php?rest_route=%2Fwp%2Fv2%2Fmedia&parent=38237"}],"wp:term":[{"taxonomy":"category","embeddable":true,"href":"https:\/\/letempsmag.ma\/index.php?rest_route=%2Fwp%2Fv2%2Fcategories&post=38237"},{"taxonomy":"post_tag","embeddable":true,"href":"https:\/\/letempsmag.ma\/index.php?rest_route=%2Fwp%2Fv2%2Ftags&post=38237"}],"curies":[{"name":"wp","href":"https:\/\/api.w.org\/{rel}","templated":true}]}}