{"id":38222,"date":"2025-09-11T13:13:03","date_gmt":"2025-09-11T12:13:03","guid":{"rendered":"https:\/\/letempsmag.ma\/?p=38222"},"modified":"2025-09-11T13:13:03","modified_gmt":"2025-09-11T12:13:03","slug":"le-constructeur-lynk-co-devoile-son-catalogue-pour-le-marche-marocain","status":"publish","type":"post","link":"https:\/\/letempsmag.ma\/?p=38222","title":{"rendered":"Le constructeur Lynk &amp; Co d\u00e9voile son catalogue pour le march\u00e9 marocain"},"content":{"rendered":"\n<p>C\u2019est hier \u00e0 Casablanca que Lynk &amp; Co, marque automobile internationale \u00e0 l\u2019ADN su\u00e9dois, a marqu\u00e9 officiellement en pr\u00e9sence des m\u00e9dias, sa mont\u00e9e en puissance sur le march\u00e9 marocain de la mobilit\u00e9 durable. La marque a, en effet, pr\u00e9sent\u00e9 une large gamme de v\u00e9hicules hybrides rechargeables, des SUV au design irr\u00e9sistible et aux qualit\u00e9s technologiques sup\u00e9rieures. Le constructeur distribue ses mod\u00e8les au Maroc \u00e0 travers LK Automotive, une entit\u00e9 affili\u00e9e \u00e0 la Holding AEK, importateur exclusif de la marque Volvo Cars (Scandinavian Auto) et de Suzuki Motos (KENKYO).<\/p>\n\n\n\n<p>La marque annonce ainsi officiellement son lancement dans le Royaume. Un bel \u00e9v\u00e9nement organis\u00e9 \u00e0 Anfa Park Casablanca o\u00f9 Lynk &amp; Co a d\u00e9voil\u00e9 une gamme de 4 mod\u00e8les qui se compl\u00e8tent pour constituer une offre int\u00e9ressante sur le catalogue du constructeur au Maroc. La \u00ab08\u00bb pour l\u2019incarnation du premium europ\u00e9en, la \u00ab01\u00bb comme ic\u00f4ne polyvalente, la \u00ab02\u00bb incarnant l\u2019audace \u00e9lectrique et la \u00ab06\u00bb, complice urbaine des conducteurs branch\u00e9s.<\/p>\n\n\n\n<p><strong><em>Une vision port\u00e9e au Maroc<\/em><\/strong><\/p>\n\n\n\n<p>Mehdi Bouhafs, Directeur G\u00e9n\u00e9ral de Lynk &amp; Co Maroc, a d\u00e9clar\u00e9 aux m\u00e9dias&nbsp;: \u00abL\u2019arriv\u00e9e de Lynk &amp; Co au Maroc marque une \u00e9tape majeure pour notre march\u00e9. Avec la \u00ab08\u00bb et la \u00ab01\u00bb, nous proposons des mod\u00e8les qui incarnent \u00e0 la fois l\u2019\u00e9l\u00e9gance scandinave, l\u2019innovation technologique et une mobilit\u00e9 pens\u00e9e pour une nouvelle g\u00e9n\u00e9ration de conducteurs marocains. Notre ambition est claire&nbsp;: offrir bien plus qu\u2019une voiture, mais une exp\u00e9rience premium et connect\u00e9e\u00bb.<\/p>\n\n\n\n<p>C\u2019est en 2016 que Lynk &amp; Co est n\u00e9e en Europe, au c\u0153ur de G\u00f6teborg (Su\u00e8de). Depuis sa cr\u00e9ation, la marque s\u2019inspire du design europ\u00e9en&nbsp;: minimaliste, fonctionnel et intemporel. Positionn\u00e9e sur le segment \u00abNew Premium\u00bb, la marque red\u00e9finit la mobilit\u00e9 avec un langage de design combinant des ext\u00e9rieurs \u00e9l\u00e9gants, des int\u00e9rieurs raffin\u00e9s et des technologies intuitives. Son approche, centr\u00e9e sur la connectivit\u00e9 et le d\u00e9veloppement durable, refl\u00e8te une nouvelle fa\u00e7on de r\u00e9inventer la mobilit\u00e9 urbaine. Lynk &amp; Co revendique des valeurs fortes et toujours inh\u00e9rentes \u00e0 la marque&nbsp;: personnalisation, ouverture et connectivit\u00e9. Pr\u00e9sente dans une quarantaine de pays (plus de 700 points de vente), Lynk &amp; Co affiche clairement ses ambitions au Maroc&nbsp;: cr\u00e9er et perp\u00e9tuer une exp\u00e9rience automobile unique. \u00abUne exp\u00e9rience qui va au-del\u00e0 de la conduite pour devenir un style de vie moderne et connect\u00e9\u00bb, selon le top-management de la marque.<\/p>\n\n\n\n<p><strong><em>Un catalogue marocain bien garni au d\u00e9part<\/em><\/strong><\/p>\n\n\n\n<p>&#8211; \u00ab08\u00bb&nbsp;: l\u2019incarnation du premium europ\u00e9en&nbsp;:<\/p>\n\n\n\n<p>C\u2019est le nouveau mod\u00e8le-phare de la marque. SUV haut de gamme, elle incarne l\u2019\u00e9l\u00e9gance europ\u00e9enne avec un int\u00e9rieur sobre et raffin\u00e9, des mat\u00e9riaux de qualit\u00e9 et un confort d\u2019exception. Dot\u00e9e d\u2019un syst\u00e8me audio immersif Harman Kardon \u00e0 23 haut-parleurs, d\u2019un design ext\u00e9rieur affirm\u00e9 et d\u2019une technologie embarqu\u00e9e de pointe, la \u00ab08\u00bb red\u00e9finit les codes du SUV premium moderne. Gr\u00e2ce \u00e0 sa motorisation hybride rechargeable offrant plus de 200 km d\u2019autonomie \u00e9lectrique, elle propose l\u2019une des meilleures performances de sa cat\u00e9gorie et ouvre la voie \u00e0 une mobilit\u00e9 plus durable et connect\u00e9e.<\/p>\n\n\n\n<p>&#8211; \u00ab01\u00bb&nbsp;: l\u2019ic\u00f4ne polyvalente&nbsp;:<\/p>\n\n\n\n<p>Premi\u00e8re cr\u00e9ation de Lynk &amp; Co, la \u00ab01\u00bb a marqu\u00e9 l\u2019histoire de la marque en red\u00e9finissant les standards du SUV urbain. Enti\u00e8rement redessin\u00e9e en 2025, elle revient avec un design modernis\u00e9, des lignes plus affirm\u00e9es et un caract\u00e8re renouvel\u00e9, tout en restant fid\u00e8le \u00e0 son ADN. Hybride rechargeable, pratique et connect\u00e9e, elle incarne l\u2019\u00e9volution naturelle de la marque et continue de s\u00e9duire une g\u00e9n\u00e9ration en qu\u00eate de modernit\u00e9, d\u2019efficacit\u00e9 \u00e9nerg\u00e9tique et de libert\u00e9.<\/p>\n\n\n\n<p>&#8211; \u00ab02\u00bb&nbsp;: l\u2019audace \u00e9lectrique&nbsp;:<\/p>\n\n\n\n<p>R\u00e9solument tourn\u00e9e vers l\u2019avenir, la \u00ab02\u00bb incarne l\u2019engagement de la marque en faveur de l\u2019\u00e9lectrification. Ce mod\u00e8le 100 % \u00e9lectrique s\u00e9duit par son design audacieux et contemporain, pens\u00e9 pour une g\u00e9n\u00e9ration qui place la durabilit\u00e9 et l\u2019innovation au c\u0153ur de son style de vie. Agile et connect\u00e9, le mod\u00e8le allie performances, confort et respect de l\u2019environnement, offrant une alternative moderne et responsable pour les conducteurs urbains.<\/p>\n\n\n\n<p>&#8211; \u00ab06\u00bb&nbsp;: la complice urbaine&nbsp;:<\/p>\n\n\n\n<p>Compacte et polyvalente, la \u00ab06\u00bb est con\u00e7ue pour r\u00e9pondre aux besoins de la vie citadine. Avec sa motorisation essence, son design soign\u00e9 et ses \u00e9quipements intelligents, elle combine praticit\u00e9 et style. Son format adapt\u00e9 \u00e0 la ville n\u2019exclut pas le confort ni la technologie, faisant de ce mod\u00e8le une option id\u00e9ale pour ceux qui recherchent un SUV accessible, dynamique et adapt\u00e9 aux trajets du quotidien.<\/p>\n\n\n\n<p><strong>L. F.<\/strong><\/p>\n","protected":false},"excerpt":{"rendered":"<p>C\u2019est hier \u00e0 Casablanca que Lynk &amp; Co, marque automobile internationale \u00e0 l\u2019ADN su\u00e9dois, a marqu\u00e9 officiellement en pr\u00e9sence des m\u00e9dias, sa mont\u00e9e en puissance sur le march\u00e9 marocain de la mobilit\u00e9 durable. La marque a, en effet, pr\u00e9sent\u00e9 une large gamme de v\u00e9hicules hybrides rechargeables, des SUV au design irr\u00e9sistible et aux qualit\u00e9s technologiques &hellip;<\/p>\n","protected":false},"author":9,"featured_media":38211,"comment_status":"open","ping_status":"closed","sticky":false,"template":"","format":"standard","meta":{"footnotes":""},"categories":[121],"tags":[],"class_list":["post-38222","post","type-post","status-publish","format-standard","has-post-thumbnail","hentry","category-automobile"],"_links":{"self":[{"href":"https:\/\/letempsmag.ma\/index.php?rest_route=\/wp\/v2\/posts\/38222","targetHints":{"allow":["GET"]}}],"collection":[{"href":"https:\/\/letempsmag.ma\/index.php?rest_route=\/wp\/v2\/posts"}],"about":[{"href":"https:\/\/letempsmag.ma\/index.php?rest_route=\/wp\/v2\/types\/post"}],"author":[{"embeddable":true,"href":"https:\/\/letempsmag.ma\/index.php?rest_route=\/wp\/v2\/users\/9"}],"replies":[{"embeddable":true,"href":"https:\/\/letempsmag.ma\/index.php?rest_route=%2Fwp%2Fv2%2Fcomments&post=38222"}],"version-history":[{"count":1,"href":"https:\/\/letempsmag.ma\/index.php?rest_route=\/wp\/v2\/posts\/38222\/revisions"}],"predecessor-version":[{"id":38223,"href":"https:\/\/letempsmag.ma\/index.php?rest_route=\/wp\/v2\/posts\/38222\/revisions\/38223"}],"wp:featuredmedia":[{"embeddable":true,"href":"https:\/\/letempsmag.ma\/index.php?rest_route=\/wp\/v2\/media\/38211"}],"wp:attachment":[{"href":"https:\/\/letempsmag.ma\/index.php?rest_route=%2Fwp%2Fv2%2Fmedia&parent=38222"}],"wp:term":[{"taxonomy":"category","embeddable":true,"href":"https:\/\/letempsmag.ma\/index.php?rest_route=%2Fwp%2Fv2%2Fcategories&post=38222"},{"taxonomy":"post_tag","embeddable":true,"href":"https:\/\/letempsmag.ma\/index.php?rest_route=%2Fwp%2Fv2%2Ftags&post=38222"}],"curies":[{"name":"wp","href":"https:\/\/api.w.org\/{rel}","templated":true}]}}