{"id":38214,"date":"2025-09-11T13:08:29","date_gmt":"2025-09-11T12:08:29","guid":{"rendered":"https:\/\/letempsmag.ma\/?p=38214"},"modified":"2025-09-11T13:08:29","modified_gmt":"2025-09-11T12:08:29","slug":"la-fete-du-cinema-revient-pour-une-2eme-edition-avec-plus-de-50-films-marocains-et-etrangers","status":"publish","type":"post","link":"https:\/\/letempsmag.ma\/?p=38214","title":{"rendered":"La F\u00eate du Cin\u00e9ma revient pour une 2\u00e8me \u00e9dition avec plus de 50 films marocains et \u00e9trangers"},"content":{"rendered":"\n<p>Apr\u00e8s une premi\u00e8re \u00e9dition couronn\u00e9e de succ\u00e8s, la F\u00eate du Cin\u00e9ma revient du 11 au 14 septembre courant dans les principales villes du Royaume. Durant quatre jours, plus de 50 films marocains et internationaux seront projet\u00e9s dans 20 salles et multiplexes partenaires, au tarif unique de 30 DH, afin de rendre le grand \u00e9cran accessible \u00e0 tous.<\/p>\n\n\n\n<p>Organis\u00e9 en partenariat avec le Centre Cin\u00e9matographique Marocain (CCM) et la Chambre Marocaine des Salles de Cin\u00e9ma (CMSC), l\u2019\u00e9v\u00e9nement ambitionne de s\u2019imposer comme un rendez-vous annuel f\u00e9d\u00e9rateur. L\u2019objectif&nbsp;: promouvoir la culture cin\u00e9matographique et rapprocher le public du 7\u00e8me Art, en favorisant une exp\u00e9rience inclusive et interg\u00e9n\u00e9rationnelle.<\/p>\n\n\n\n<p>La c\u00e9r\u00e9monie d\u2019ouverture s\u2019est tenue hier, mercredi 10 septembre, au Complexe Path\u00e9<strong> <\/strong>\u00e0 Casablanca, avec l\u2019avant-premi\u00e8re du film \u00abSonate Nocturne\u00bb d\u2019Abdeslam Kelai, en pr\u00e9sence de l\u2019\u00e9quipe. \u00c9tudiants, familles, cin\u00e9philes et professionnels sont attendus pour partager des moments de d\u00e9couverte et de dialogue culturel.<\/p>\n\n\n\n<p>Au-del\u00e0 des projections, cette \u00e9dition entend aussi mettre en lumi\u00e8re le r\u00f4le essentiel des salles de cin\u00e9ma dans la vie culturelle nationale. Dans un contexte marqu\u00e9 par la concurrence des plateformes num\u00e9riques, la F\u00eate du Cin\u00e9ma rappelle la force unique du grand \u00e9cran : cr\u00e9er une \u00e9motion collective et pr\u00e9server un espace de rencontre entre \u0153uvres, artistes et spectateurs.<\/p>\n\n\n\n<p>Parall\u00e8lement, l\u2019Association Yed Najma initiera des sorties d\u00e9di\u00e9es aux enfants issus de milieux d\u00e9favoris\u00e9s, leur offrant la chance de vivre pour la premi\u00e8re fois l\u2019exp\u00e9rience d\u2019une projection en salle.<\/p>\n\n\n\n<p>En renfor\u00e7ant l\u2019acc\u00e8s \u00e0 la culture et en mobilisant institutions, exploitants et distributeurs, la F\u00eate du Cin\u00e9ma illustre la vitalit\u00e9 d\u2019un secteur qui entend affirmer sa place au c\u0153ur de la vie culturelle marocaine.<\/p>\n\n\n\n<p><strong>L. F.<\/strong><\/p>\n","protected":false},"excerpt":{"rendered":"<p>Apr\u00e8s une premi\u00e8re \u00e9dition couronn\u00e9e de succ\u00e8s, la F\u00eate du Cin\u00e9ma revient du 11 au 14 septembre courant dans les principales villes du Royaume. Durant quatre jours, plus de 50 films marocains et internationaux seront projet\u00e9s dans 20 salles et multiplexes partenaires, au tarif unique de 30 DH, afin de rendre le grand \u00e9cran accessible &hellip;<\/p>\n","protected":false},"author":9,"featured_media":38205,"comment_status":"open","ping_status":"closed","sticky":false,"template":"","format":"standard","meta":{"footnotes":""},"categories":[1464],"tags":[],"class_list":["post-38214","post","type-post","status-publish","format-standard","has-post-thumbnail","hentry","category-grand-ecran"],"_links":{"self":[{"href":"https:\/\/letempsmag.ma\/index.php?rest_route=\/wp\/v2\/posts\/38214","targetHints":{"allow":["GET"]}}],"collection":[{"href":"https:\/\/letempsmag.ma\/index.php?rest_route=\/wp\/v2\/posts"}],"about":[{"href":"https:\/\/letempsmag.ma\/index.php?rest_route=\/wp\/v2\/types\/post"}],"author":[{"embeddable":true,"href":"https:\/\/letempsmag.ma\/index.php?rest_route=\/wp\/v2\/users\/9"}],"replies":[{"embeddable":true,"href":"https:\/\/letempsmag.ma\/index.php?rest_route=%2Fwp%2Fv2%2Fcomments&post=38214"}],"version-history":[{"count":1,"href":"https:\/\/letempsmag.ma\/index.php?rest_route=\/wp\/v2\/posts\/38214\/revisions"}],"predecessor-version":[{"id":38215,"href":"https:\/\/letempsmag.ma\/index.php?rest_route=\/wp\/v2\/posts\/38214\/revisions\/38215"}],"wp:featuredmedia":[{"embeddable":true,"href":"https:\/\/letempsmag.ma\/index.php?rest_route=\/wp\/v2\/media\/38205"}],"wp:attachment":[{"href":"https:\/\/letempsmag.ma\/index.php?rest_route=%2Fwp%2Fv2%2Fmedia&parent=38214"}],"wp:term":[{"taxonomy":"category","embeddable":true,"href":"https:\/\/letempsmag.ma\/index.php?rest_route=%2Fwp%2Fv2%2Fcategories&post=38214"},{"taxonomy":"post_tag","embeddable":true,"href":"https:\/\/letempsmag.ma\/index.php?rest_route=%2Fwp%2Fv2%2Ftags&post=38214"}],"curies":[{"name":"wp","href":"https:\/\/api.w.org\/{rel}","templated":true}]}}