{"id":38199,"date":"2025-09-10T11:23:26","date_gmt":"2025-09-10T10:23:26","guid":{"rendered":"https:\/\/letempsmag.ma\/?p=38199"},"modified":"2025-09-10T11:23:26","modified_gmt":"2025-09-10T10:23:26","slug":"la-police-de-lenvironnement-au-menu-du-conseil-de-gouvernement","status":"publish","type":"post","link":"https:\/\/letempsmag.ma\/?p=38199","title":{"rendered":"La Police de l\u2019Environnement au menu du Conseil de gouvernement"},"content":{"rendered":"\n<p>Un Conseil de gouvernement se tiendra, demain jeudi, sous la pr\u00e9sidence du Chef du gouvernement, Aziz Akhannouch.<\/p>\n\n\n\n<p>Au d\u00e9but de ses travaux, le Conseil examinera trois projets de D\u00e9crets, dont le premier est relatif aux \u00e9quipements de pulv\u00e9risation des produits de protection des plantes. Le deuxi\u00e8me modifie et compl\u00e8te le D\u00e9cret relatif \u00e0 l&#8217;organisation et aux modalit\u00e9s de fonctionnement de la Police de l&#8217;environnement. Le troisi\u00e8me r\u00e9organise la D\u00e9l\u00e9gation Interminist\u00e9rielle aux Droits de l&#8217;Homme et fixe ses attributions.<\/p>\n\n\n\n<p>Le Conseil de gouvernement poursuivra ses travaux par l\u2019examen de l&#8217;accord de coop\u00e9ration militaire entre le Maroc et le Cameroun, sign\u00e9 \u00e0 Rabat le 18 mars 2025, ainsi que du projet de loi portant approbation dudit accord.<\/p>\n\n\n\n<p>Le Conseil ach\u00e8vera ses travaux par l\u2019examen de propositions de nomination \u00e0 des fonctions sup\u00e9rieures conform\u00e9ment \u00e0 l\u2019Article \u00ab92\u00bb de la Constitution.<\/p>\n","protected":false},"excerpt":{"rendered":"<p>Un Conseil de gouvernement se tiendra, demain jeudi, sous la pr\u00e9sidence du Chef du gouvernement, Aziz Akhannouch. Au d\u00e9but de ses travaux, le Conseil examinera trois projets de D\u00e9crets, dont le premier est relatif aux \u00e9quipements de pulv\u00e9risation des produits de protection des plantes. Le deuxi\u00e8me modifie et compl\u00e8te le D\u00e9cret relatif \u00e0 l&#8217;organisation et &hellip;<\/p>\n","protected":false},"author":9,"featured_media":38166,"comment_status":"open","ping_status":"closed","sticky":false,"template":"","format":"standard","meta":{"footnotes":""},"categories":[1531],"tags":[],"class_list":["post-38199","post","type-post","status-publish","format-standard","has-post-thumbnail","hentry","category-projet-de-decret"],"_links":{"self":[{"href":"https:\/\/letempsmag.ma\/index.php?rest_route=\/wp\/v2\/posts\/38199","targetHints":{"allow":["GET"]}}],"collection":[{"href":"https:\/\/letempsmag.ma\/index.php?rest_route=\/wp\/v2\/posts"}],"about":[{"href":"https:\/\/letempsmag.ma\/index.php?rest_route=\/wp\/v2\/types\/post"}],"author":[{"embeddable":true,"href":"https:\/\/letempsmag.ma\/index.php?rest_route=\/wp\/v2\/users\/9"}],"replies":[{"embeddable":true,"href":"https:\/\/letempsmag.ma\/index.php?rest_route=%2Fwp%2Fv2%2Fcomments&post=38199"}],"version-history":[{"count":1,"href":"https:\/\/letempsmag.ma\/index.php?rest_route=\/wp\/v2\/posts\/38199\/revisions"}],"predecessor-version":[{"id":38200,"href":"https:\/\/letempsmag.ma\/index.php?rest_route=\/wp\/v2\/posts\/38199\/revisions\/38200"}],"wp:featuredmedia":[{"embeddable":true,"href":"https:\/\/letempsmag.ma\/index.php?rest_route=\/wp\/v2\/media\/38166"}],"wp:attachment":[{"href":"https:\/\/letempsmag.ma\/index.php?rest_route=%2Fwp%2Fv2%2Fmedia&parent=38199"}],"wp:term":[{"taxonomy":"category","embeddable":true,"href":"https:\/\/letempsmag.ma\/index.php?rest_route=%2Fwp%2Fv2%2Fcategories&post=38199"},{"taxonomy":"post_tag","embeddable":true,"href":"https:\/\/letempsmag.ma\/index.php?rest_route=%2Fwp%2Fv2%2Ftags&post=38199"}],"curies":[{"name":"wp","href":"https:\/\/api.w.org\/{rel}","templated":true}]}}