{"id":38194,"date":"2025-09-10T11:14:37","date_gmt":"2025-09-10T10:14:37","guid":{"rendered":"https:\/\/letempsmag.ma\/?p=38194"},"modified":"2025-09-10T11:14:37","modified_gmt":"2025-09-10T10:14:37","slug":"quen-est-il-des-plaques-dimmatriculation-des-vehicules-en-circulation-internationale-au-maroc","status":"publish","type":"post","link":"https:\/\/letempsmag.ma\/?p=38194","title":{"rendered":"Qu\u2019en est-il des plaques d&#8217;immatriculation des v\u00e9hicules en circulation internationale au Maroc\u00a0?"},"content":{"rendered":"\n<p>Les proc\u00e8s-verbaux d&#8217;infractions li\u00e9s aux plaques d&#8217;immatriculation des v\u00e9hicules en circulation internationale concernent la non-conformit\u00e9 des plaques aux caract\u00e9ristiques d\u00e9finies par le Code de la Route. C\u2019est ce qu\u2019a rappel\u00e9, lundi dernier, le minist\u00e8re du Transport et de la Logistique dans un communiqu\u00e9.<\/p>\n\n\n\n<p>Suite aux informations r\u00e9cemment relay\u00e9es par certains sites d&#8217;information et r\u00e9seaux sociaux concernant des proc\u00e8s-verbaux d&#8217;infractions li\u00e9s aux plaques d&#8217;immatriculation des v\u00e9hicules en circulation internationale, le minist\u00e8re de tutelle pr\u00e9cise, en effet, que lesdits proc\u00e8s-verbaux ont \u00e9t\u00e9 dress\u00e9s pour des infractions relatives \u00e0 la non-conformit\u00e9 des plaques d\u2019immatriculation aux caract\u00e9ristiques d\u00e9finies dans les articles \u00ab61\u00bb et \u00ab61-1\u00bb du Code de la Route et fix\u00e9es dans les annexes \u00ab12\u00bb, \u00ab13\u00bb et \u00ab14\u00bb de l&#8217;Arr\u00eat\u00e9 du D\u00e9partement de tutelle \u00ab2711-10\u00bb du 29 septembre 2010 relatif \u00e0 l&#8217;immatriculation des v\u00e9hicules \u00e0 moteur et des remorques.<\/p>\n\n\n\n<p>Contrairement \u00e0 ce qui a \u00e9t\u00e9 relay\u00e9, ces proc\u00e8s-verbaux ne concernent en aucun cas la circulation de ces v\u00e9hicules sur le territoire national avec des plaques d&#8217;immatriculation au format international, souligne la m\u00eame source.<\/p>\n\n\n\n<p>Soucieux d&#8217;\u00e9viter aux citoyens de se voir infliger des amendes lors de leurs d\u00e9placements \u00e0 l\u2019int\u00e9rieur et l&#8217;ext\u00e9rieur du territoire national \u00e0 bord de v\u00e9hicules portant une immatriculation nationale, le minist\u00e8re a auparavant autoris\u00e9 tous les usagers de la route souhaitant se rendre \u00e0 l\u2019\u00e9tranger \u00e0 bord de leur v\u00e9hicule \u00e0 utiliser la plaque d&#8217;immatriculation internationale, dont le format est d\u00e9fini dans l&#8217;annexe n\u00b0 13 dudit arr\u00eat\u00e9, et ce, dans l&#8217;attente de l&#8217;ach\u00e8vement des proc\u00e9dures d&#8217;amendement des dispositions de l&#8217;Article \u00ab28\u00bb de l&#8217;Arr\u00eat\u00e9 pr\u00e9cit\u00e9, tel qu\u2019il a \u00e9t\u00e9 modifi\u00e9 et compl\u00e9t\u00e9.<\/p>\n\n\n\n<p>\u00c0 cet \u00e9gard, une correspondance a \u00e9t\u00e9 adress\u00e9e, le 8 juillet 2025, \u00e0 l\u2019\u00c9tat-Major de la Gendarmerie Royale et \u00e0 la Direction G\u00e9n\u00e9rale de la S\u00fbret\u00e9 Nationale (DGSN) afin de tenir compte de la d\u00e9cision du minist\u00e8re lors des op\u00e9rations de contr\u00f4le, note le communiqu\u00e9.<\/p>\n\n\n\n<p>Le minist\u00e8re du Transport et de la Logistique annonce qu\u2019il r\u00e9it\u00e8re son engagement \u00e0 poursuivre la mise en \u0153uvre des programmes de modernisation du secteur du transport, de d\u00e9veloppement du cadre r\u00e9glementaire et de renforcement de la s\u00e9curit\u00e9 routi\u00e8re au service des citoyens et des entreprises. De m\u00eame, il affirme qu&#8217;il reste ouvert \u00e0 toutes les questions et demandes de renseignements des citoyens pour leur fournir les \u00e9claircissements n\u00e9cessaires sur toutes les mesures et proc\u00e9dures r\u00e9glementaires dans les secteurs du transport et de la logistique, conclut-on. (Photo&nbsp;: H24info).<\/p>\n","protected":false},"excerpt":{"rendered":"<p>Les proc\u00e8s-verbaux d&#8217;infractions li\u00e9s aux plaques d&#8217;immatriculation des v\u00e9hicules en circulation internationale concernent la non-conformit\u00e9 des plaques aux caract\u00e9ristiques d\u00e9finies par le Code de la Route. C\u2019est ce qu\u2019a rappel\u00e9, lundi dernier, le minist\u00e8re du Transport et de la Logistique dans un communiqu\u00e9. Suite aux informations r\u00e9cemment relay\u00e9es par certains sites d&#8217;information et r\u00e9seaux sociaux &hellip;<\/p>\n","protected":false},"author":9,"featured_media":38174,"comment_status":"open","ping_status":"closed","sticky":false,"template":"","format":"standard","meta":{"footnotes":""},"categories":[162],"tags":[],"class_list":["post-38194","post","type-post","status-publish","format-standard","has-post-thumbnail","hentry","category-mobilite"],"_links":{"self":[{"href":"https:\/\/letempsmag.ma\/index.php?rest_route=\/wp\/v2\/posts\/38194","targetHints":{"allow":["GET"]}}],"collection":[{"href":"https:\/\/letempsmag.ma\/index.php?rest_route=\/wp\/v2\/posts"}],"about":[{"href":"https:\/\/letempsmag.ma\/index.php?rest_route=\/wp\/v2\/types\/post"}],"author":[{"embeddable":true,"href":"https:\/\/letempsmag.ma\/index.php?rest_route=\/wp\/v2\/users\/9"}],"replies":[{"embeddable":true,"href":"https:\/\/letempsmag.ma\/index.php?rest_route=%2Fwp%2Fv2%2Fcomments&post=38194"}],"version-history":[{"count":1,"href":"https:\/\/letempsmag.ma\/index.php?rest_route=\/wp\/v2\/posts\/38194\/revisions"}],"predecessor-version":[{"id":38195,"href":"https:\/\/letempsmag.ma\/index.php?rest_route=\/wp\/v2\/posts\/38194\/revisions\/38195"}],"wp:featuredmedia":[{"embeddable":true,"href":"https:\/\/letempsmag.ma\/index.php?rest_route=\/wp\/v2\/media\/38174"}],"wp:attachment":[{"href":"https:\/\/letempsmag.ma\/index.php?rest_route=%2Fwp%2Fv2%2Fmedia&parent=38194"}],"wp:term":[{"taxonomy":"category","embeddable":true,"href":"https:\/\/letempsmag.ma\/index.php?rest_route=%2Fwp%2Fv2%2Fcategories&post=38194"},{"taxonomy":"post_tag","embeddable":true,"href":"https:\/\/letempsmag.ma\/index.php?rest_route=%2Fwp%2Fv2%2Ftags&post=38194"}],"curies":[{"name":"wp","href":"https:\/\/api.w.org\/{rel}","templated":true}]}}