{"id":38192,"date":"2025-09-10T11:13:42","date_gmt":"2025-09-10T10:13:42","guid":{"rendered":"https:\/\/letempsmag.ma\/?p=38192"},"modified":"2025-09-10T11:13:42","modified_gmt":"2025-09-10T10:13:42","slug":"plebiscite-mondial-pour-la-business-school-de-luniversite-internationale-de-rabat","status":"publish","type":"post","link":"https:\/\/letempsmag.ma\/?p=38192","title":{"rendered":"Pl\u00e9biscite mondial pour la Business School de l&#8217;Universit\u00e9 Internationale de Rabat"},"content":{"rendered":"\n<p>La Rabat Business School&nbsp; relevant de l&#8217;Universit\u00e9 Internationale de Rabat (UIR) a franchi une \u00e9tape historique en int\u00e9grant d\u00e9sormais le Top 20 mondial du classement du Financial Times 2025 \u00abMasters in Management\u00bb. Il s\u2019agit l\u00e0 d\u2019une progression spectaculaire qui confirme la dynamique d\u2019excellence de cette grande \u00e9cole au plan international.<\/p>\n\n\n\n<p>L&#8217;UIR a publi\u00e9 un communiqu\u00e9 dans ce sens&nbsp;: \u00abEn seulement quatre ans, la Rabat Business School a connu une ascension remarquable. Elle a fait son entr\u00e9e \u00e0 la 86<sup>\u00e8me<\/sup> place en 2022, s\u2019est class\u00e9e 54<sup>\u00e8me<\/sup> en 2023, puis 32<sup>\u00e8me<\/sup> en 2024, pour se hisser aujourd\u2019hui \u00e0 la 20<sup>\u00e8me<\/sup> place mondiale\u00bb.<\/p>\n\n\n\n<p>Cette reconnaissance internationale, \u00e0 travers le classement du Financial Times 2025 \u00abMasters in Management\u00bb, refl\u00e8te la qualit\u00e9 acad\u00e9mique des programmes de l\u2019\u00e9cole, l\u2019employabilit\u00e9 de ses dipl\u00f4m\u00e9s et la confiance que lui accordent \u00e9tudiants, enseignants, Alumni et partenaires. Elle demeure par ailleurs la seule Business School d\u2019Afrique et du Moyen-Orient \u00e0 figurer dans ce prestigieux palmar\u00e8s mondial.<\/p>\n\n\n\n<p>\u00abCette entr\u00e9e dans le Top 20 du Financial Times est le fruit d\u2019un effort collectif exceptionnel, t\u00e9moignant de l\u2019excellence de notre enseignement, de l\u2019impact de notre recherche et de notre engagement en faveur de nos \u00e9tudiants et de nos partenaires\u00bb, souligne le Doyen de Rabat Business School, Nicolas Arnaud, cit\u00e9 dans le communiqu\u00e9. Ce succ\u00e8s, a-t-il soulign\u00e9, appartient aux \u00e9tudiants, aux Alumnis, aux professeurs, aux collaborateurs, aux familles et aux partenaires qui contribuent chaque jour \u00e0 faire rayonner l&#8217;\u00e9cole au Maroc, en Afrique et dans le monde.<\/p>\n\n\n\n<p>Avec ce classement, la Rabat Business School consolide ainsi sa position comme institution de r\u00e9f\u00e9rence internationale, confirmant sa mission de former des leaders agiles, responsables et tourn\u00e9s vers l\u2019avenir.<\/p>\n","protected":false},"excerpt":{"rendered":"<p>La Rabat Business School&nbsp; relevant de l&#8217;Universit\u00e9 Internationale de Rabat (UIR) a franchi une \u00e9tape historique en int\u00e9grant d\u00e9sormais le Top 20 mondial du classement du Financial Times 2025 \u00abMasters in Management\u00bb. Il s\u2019agit l\u00e0 d\u2019une progression spectaculaire qui confirme la dynamique d\u2019excellence de cette grande \u00e9cole au plan international. L&#8217;UIR a publi\u00e9 un communiqu\u00e9 &hellip;<\/p>\n","protected":false},"author":9,"featured_media":38173,"comment_status":"open","ping_status":"closed","sticky":false,"template":"","format":"standard","meta":{"footnotes":""},"categories":[120],"tags":[],"class_list":["post-38192","post","type-post","status-publish","format-standard","has-post-thumbnail","hentry","category-palmares"],"_links":{"self":[{"href":"https:\/\/letempsmag.ma\/index.php?rest_route=\/wp\/v2\/posts\/38192","targetHints":{"allow":["GET"]}}],"collection":[{"href":"https:\/\/letempsmag.ma\/index.php?rest_route=\/wp\/v2\/posts"}],"about":[{"href":"https:\/\/letempsmag.ma\/index.php?rest_route=\/wp\/v2\/types\/post"}],"author":[{"embeddable":true,"href":"https:\/\/letempsmag.ma\/index.php?rest_route=\/wp\/v2\/users\/9"}],"replies":[{"embeddable":true,"href":"https:\/\/letempsmag.ma\/index.php?rest_route=%2Fwp%2Fv2%2Fcomments&post=38192"}],"version-history":[{"count":1,"href":"https:\/\/letempsmag.ma\/index.php?rest_route=\/wp\/v2\/posts\/38192\/revisions"}],"predecessor-version":[{"id":38193,"href":"https:\/\/letempsmag.ma\/index.php?rest_route=\/wp\/v2\/posts\/38192\/revisions\/38193"}],"wp:featuredmedia":[{"embeddable":true,"href":"https:\/\/letempsmag.ma\/index.php?rest_route=\/wp\/v2\/media\/38173"}],"wp:attachment":[{"href":"https:\/\/letempsmag.ma\/index.php?rest_route=%2Fwp%2Fv2%2Fmedia&parent=38192"}],"wp:term":[{"taxonomy":"category","embeddable":true,"href":"https:\/\/letempsmag.ma\/index.php?rest_route=%2Fwp%2Fv2%2Fcategories&post=38192"},{"taxonomy":"post_tag","embeddable":true,"href":"https:\/\/letempsmag.ma\/index.php?rest_route=%2Fwp%2Fv2%2Ftags&post=38192"}],"curies":[{"name":"wp","href":"https:\/\/api.w.org\/{rel}","templated":true}]}}