{"id":38187,"date":"2025-09-10T11:10:37","date_gmt":"2025-09-10T10:10:37","guid":{"rendered":"https:\/\/letempsmag.ma\/?p=38187"},"modified":"2025-09-10T11:10:37","modified_gmt":"2025-09-10T10:10:37","slug":"care-maroc-agit-pour-une-education-inclusive-et-une-reelle-egalite-des-chances","status":"publish","type":"post","link":"https:\/\/letempsmag.ma\/?p=38187","title":{"rendered":"CARE Maroc agit pour une \u00e9ducation inclusive et une r\u00e9elle \u00e9galit\u00e9 des chances"},"content":{"rendered":"\n<p>\u00c0 l\u2019occasion de la rentr\u00e9e, CARE Maroc r\u00e9affirme son engagement en faveur de l\u2019\u00e9galit\u00e9 des chances, particuli\u00e8rement dans les zones rurales o\u00f9 l\u2019acc\u00e8s \u00e0 l\u2019\u00e9cole reste limit\u00e9. Malgr\u00e9 les progr\u00e8s, les in\u00e9galit\u00e9s persistent&nbsp;: 36% des enfants de 4 \u00e0 5 ans n\u2019ont pas acc\u00e8s au pr\u00e9scolaire, plus de 300.000 \u00e9l\u00e8ves quittent pr\u00e9matur\u00e9ment le syst\u00e8me chaque ann\u00e9e et nombre d\u2019infrastructures fragilis\u00e9es par le s\u00e9isme de 2023 peinent \u00e0 accueillir les \u00e9l\u00e8ves.<\/p>\n\n\n\n<p>Pour r\u00e9pondre \u00e0 ces d\u00e9fis, CARE Maroc d\u00e9ploie plusieurs initiatives. Le projet \u00abChild Step\u00bb, en partenariat avec Stellantis, a permis la r\u00e9habilitation de classes pr\u00e9scolaires, la construction de latrines et la formation d\u2019\u00e9ducatrices, b\u00e9n\u00e9ficiant \u00e0 plus de 150 enfants. Le programme \u00abAvenir Meilleur Pour L\u2019Entrepreneuriat et l\u2019Apprentissage Locaux (AMEAL)\u00bb, soutenu par l\u2019Agence Fran\u00e7aise de D\u00e9veloppement (AFD) et la Fondation de France, accompagne 160 enfants et 20 encadrants \u00e0 travers des infrastructures r\u00e9nov\u00e9es, des ateliers WASH et des activit\u00e9s parascolaires. Enfin, l\u2019initiative \u00abMiftah Anajah\u00bb, financ\u00e9e par l\u2019Union Europ\u00e9enne, est un projet mobilisant 36 Associations de m\u00e8res et p\u00e8res d\u2019\u00e9l\u00e8ves, mettant en place des outils de gouvernance inclusive, cr\u00e9e des plateformes r\u00e9gionales et nationale et favorise l\u2019innovation \u00e9ducative par le partage de bonnes pratiques et des projets multi-acteurs.<\/p>\n\n\n\n<p>Depuis son lancement, CARE Maroc a permis \u00e0 plus de 33.000 enfants d\u2019acc\u00e9der \u00e0 une \u00e9ducation de qualit\u00e9 et \u00e0 plus de 100 \u00e9ducateurs de renforcer leurs comp\u00e9tences. \u00abL\u2019\u00e9galit\u00e9 des chances doit commencer d\u00e8s l\u2019\u00e9cole\u00bb, rappelle Hlima Raskaoui, Directrice de CARE Maroc. ONG reconnue d\u2019utilit\u00e9 publique depuis 2008, CARE Maroc continue de placer les enfants, les femmes et les populations vuln\u00e9rables au c\u0153ur de ses actions, pour b\u00e2tir un avenir plus \u00e9quitable.<\/p>\n\n\n\n<p><strong>L. F.<\/strong><\/p>\n","protected":false},"excerpt":{"rendered":"<p>\u00c0 l\u2019occasion de la rentr\u00e9e, CARE Maroc r\u00e9affirme son engagement en faveur de l\u2019\u00e9galit\u00e9 des chances, particuli\u00e8rement dans les zones rurales o\u00f9 l\u2019acc\u00e8s \u00e0 l\u2019\u00e9cole reste limit\u00e9. Malgr\u00e9 les progr\u00e8s, les in\u00e9galit\u00e9s persistent&nbsp;: 36% des enfants de 4 \u00e0 5 ans n\u2019ont pas acc\u00e8s au pr\u00e9scolaire, plus de 300.000 \u00e9l\u00e8ves quittent pr\u00e9matur\u00e9ment le syst\u00e8me chaque &hellip;<\/p>\n","protected":false},"author":9,"featured_media":38175,"comment_status":"open","ping_status":"closed","sticky":false,"template":"","format":"standard","meta":{"footnotes":""},"categories":[386],"tags":[],"class_list":["post-38187","post","type-post","status-publish","format-standard","has-post-thumbnail","hentry","category-rentree-scolaire"],"_links":{"self":[{"href":"https:\/\/letempsmag.ma\/index.php?rest_route=\/wp\/v2\/posts\/38187","targetHints":{"allow":["GET"]}}],"collection":[{"href":"https:\/\/letempsmag.ma\/index.php?rest_route=\/wp\/v2\/posts"}],"about":[{"href":"https:\/\/letempsmag.ma\/index.php?rest_route=\/wp\/v2\/types\/post"}],"author":[{"embeddable":true,"href":"https:\/\/letempsmag.ma\/index.php?rest_route=\/wp\/v2\/users\/9"}],"replies":[{"embeddable":true,"href":"https:\/\/letempsmag.ma\/index.php?rest_route=%2Fwp%2Fv2%2Fcomments&post=38187"}],"version-history":[{"count":1,"href":"https:\/\/letempsmag.ma\/index.php?rest_route=\/wp\/v2\/posts\/38187\/revisions"}],"predecessor-version":[{"id":38188,"href":"https:\/\/letempsmag.ma\/index.php?rest_route=\/wp\/v2\/posts\/38187\/revisions\/38188"}],"wp:featuredmedia":[{"embeddable":true,"href":"https:\/\/letempsmag.ma\/index.php?rest_route=\/wp\/v2\/media\/38175"}],"wp:attachment":[{"href":"https:\/\/letempsmag.ma\/index.php?rest_route=%2Fwp%2Fv2%2Fmedia&parent=38187"}],"wp:term":[{"taxonomy":"category","embeddable":true,"href":"https:\/\/letempsmag.ma\/index.php?rest_route=%2Fwp%2Fv2%2Fcategories&post=38187"},{"taxonomy":"post_tag","embeddable":true,"href":"https:\/\/letempsmag.ma\/index.php?rest_route=%2Fwp%2Fv2%2Ftags&post=38187"}],"curies":[{"name":"wp","href":"https:\/\/api.w.org\/{rel}","templated":true}]}}