{"id":38185,"date":"2025-09-10T11:09:38","date_gmt":"2025-09-10T10:09:38","guid":{"rendered":"https:\/\/letempsmag.ma\/?p=38185"},"modified":"2025-09-10T11:09:38","modified_gmt":"2025-09-10T10:09:38","slug":"productlife-group-inaugure-a-casablanca-un-nouveau-hub-africain","status":"publish","type":"post","link":"https:\/\/letempsmag.ma\/?p=38185","title":{"rendered":"ProductLife Group inaugure \u00e0 Casablanca un nouveau hub africain"},"content":{"rendered":"\n<p>ProductLife Group, soci\u00e9t\u00e9 fran\u00e7aise de conseil sp\u00e9cialis\u00e9e dans le support au d\u00e9veloppement, les affaires r\u00e9glementaires, la pharmacovigilance, l\u2019assurance qualit\u00e9 et la transformation digitale pour le secteur de la sant\u00e9, annonce le renforcement de sa pr\u00e9sence en Afrique et dans la zone MENA avec l&#8217;ouverture d&#8217;un nouveau centre strat\u00e9gique \u00e0 Casablanca. Elle rejoint PLG sous la nouvelle appellation ProductLife Morocco, se positionnant comme un acteur de r\u00e9f\u00e9rence pour r\u00e9pondre aux besoins croissants du d\u00e9veloppement et de l&#8217;innovation dans le secteur pharmaceutique \u00e0 l\u2019\u00e9chelle du continent africain et de la r\u00e9gion MENA. D\u00e9sormais, ProductLife Morocco se veut une entreprise engag\u00e9e pour soutenir l&#8217;acc\u00e8s des patients \u00e0 des solutions de soins de sant\u00e9 s\u00fbres et efficaces. Elle participe, en marge de ses activit\u00e9s, au d\u00e9veloppement de l\u2019\u00e9conomie locale et \u00e0 la cr\u00e9ation d\u2019emplois.<\/p>\n\n\n\n<p>Abderrahim Bouabidi, Directeur G\u00e9n\u00e9ral de ProductLife Morocco, d\u00e9clare&nbsp;: \u00abJe suis fier du chemin parcouru par notre entreprise. L\u2019int\u00e9gration au sein de ProductLife Group ouvre de nouvelles perspectives de d\u00e9veloppement pour notre \u00e9quipe et pour nos clients\u00bb.<\/p>\n\n\n\n<p>Pour sa part, Xavier Duburcq, Pr\u00e9sident Directeur G\u00e9n\u00e9ral de ProductLife Group, compl\u00e8te&nbsp;: \u00abCette d\u00e9cision strat\u00e9gique de positionner PL Morocco en hub africain, qui intervient un an apr\u00e8s l&#8217;acquisition par PLG, confirme la r\u00e9ussite de cette acquisition. C&#8217;est un nouveau chapitre passionnant de notre parcours\u00bb.<\/p>\n\n\n\n<p>Pour c\u00e9l\u00e9brer cette \u00e9tape importante, ProductLife Group organisera en ce mois de septembre un \u00e9v\u00e9nement exclusif dans ses nouveaux locaux \u00e0 Casablanca. Le rendez-vous r\u00e9unira clients, partenaires et acteurs de l\u2019\u00e9cosyst\u00e8me pharmaceutique autour d\u2019un moment d\u2019\u00e9change et de r\u00e9flexion sur l\u2019avenir de l\u2019industrie dans la r\u00e9gion. Un panel de haut niveau, compos\u00e9 d\u2019experts nationaux et internationaux, animera des discussions autour des grandes tendances du secteur, des d\u00e9fis \u00e0 relever et des opportunit\u00e9s d\u2019innovation dans la zone Afrique-MENA.<\/p>\n","protected":false},"excerpt":{"rendered":"<p>ProductLife Group, soci\u00e9t\u00e9 fran\u00e7aise de conseil sp\u00e9cialis\u00e9e dans le support au d\u00e9veloppement, les affaires r\u00e9glementaires, la pharmacovigilance, l\u2019assurance qualit\u00e9 et la transformation digitale pour le secteur de la sant\u00e9, annonce le renforcement de sa pr\u00e9sence en Afrique et dans la zone MENA avec l&#8217;ouverture d&#8217;un nouveau centre strat\u00e9gique \u00e0 Casablanca. Elle rejoint PLG sous la &hellip;<\/p>\n","protected":false},"author":9,"featured_media":38172,"comment_status":"open","ping_status":"closed","sticky":false,"template":"","format":"standard","meta":{"footnotes":""},"categories":[26],"tags":[],"class_list":["post-38185","post","type-post","status-publish","format-standard","has-post-thumbnail","hentry","category-sante"],"_links":{"self":[{"href":"https:\/\/letempsmag.ma\/index.php?rest_route=\/wp\/v2\/posts\/38185","targetHints":{"allow":["GET"]}}],"collection":[{"href":"https:\/\/letempsmag.ma\/index.php?rest_route=\/wp\/v2\/posts"}],"about":[{"href":"https:\/\/letempsmag.ma\/index.php?rest_route=\/wp\/v2\/types\/post"}],"author":[{"embeddable":true,"href":"https:\/\/letempsmag.ma\/index.php?rest_route=\/wp\/v2\/users\/9"}],"replies":[{"embeddable":true,"href":"https:\/\/letempsmag.ma\/index.php?rest_route=%2Fwp%2Fv2%2Fcomments&post=38185"}],"version-history":[{"count":1,"href":"https:\/\/letempsmag.ma\/index.php?rest_route=\/wp\/v2\/posts\/38185\/revisions"}],"predecessor-version":[{"id":38186,"href":"https:\/\/letempsmag.ma\/index.php?rest_route=\/wp\/v2\/posts\/38185\/revisions\/38186"}],"wp:featuredmedia":[{"embeddable":true,"href":"https:\/\/letempsmag.ma\/index.php?rest_route=\/wp\/v2\/media\/38172"}],"wp:attachment":[{"href":"https:\/\/letempsmag.ma\/index.php?rest_route=%2Fwp%2Fv2%2Fmedia&parent=38185"}],"wp:term":[{"taxonomy":"category","embeddable":true,"href":"https:\/\/letempsmag.ma\/index.php?rest_route=%2Fwp%2Fv2%2Fcategories&post=38185"},{"taxonomy":"post_tag","embeddable":true,"href":"https:\/\/letempsmag.ma\/index.php?rest_route=%2Fwp%2Fv2%2Ftags&post=38185"}],"curies":[{"name":"wp","href":"https:\/\/api.w.org\/{rel}","templated":true}]}}