{"id":38181,"date":"2025-09-10T11:04:31","date_gmt":"2025-09-10T10:04:31","guid":{"rendered":"https:\/\/letempsmag.ma\/?p=38181"},"modified":"2025-09-10T11:04:31","modified_gmt":"2025-09-10T10:04:31","slug":"le-geant-americain-otis-participera-a-rabat-au-sommet-nord-africain-des-infrastructures-intelligentes","status":"publish","type":"post","link":"https:\/\/letempsmag.ma\/?p=38181","title":{"rendered":"Le g\u00e9ant am\u00e9ricain Otis participera, \u00e0 Rabat, au Sommet nord-africain des infrastructures intelligentes"},"content":{"rendered":"\n<p>Le g\u00e9ant am\u00e9ricain Otis, leader mondial dans la conception, la fabrication, l\u2019installation et la maintenance d\u2019ascenseurs et d\u2019escaliers m\u00e9caniques, prendra part au Sommet Nord-Africain des Infrastructures Intelligentes 2025, qui se tiendra \u00e0 Rabat les 10 et 11 septembre prochain.<\/p>\n\n\n\n<p>Cet \u00e9v\u00e9nement de deux jours mettra en lumi\u00e8re les avanc\u00e9es significatives du Royaume dans les domaines de l\u2019immobilier, des infrastructures sportives, a\u00e9roportuaires, de transport et de l\u2019accueil; des secteurs dans lesquels Otis d\u00e9ploie une expertise \u00e9prouv\u00e9e ainsi que des solutions technologiques de pointe, qu\u2019elle aura l\u2019honneur de pr\u00e9senter aux participants.<\/p>\n\n\n\n<p>Quels produits seront expos\u00e9s lors de ce Sommet&nbsp;?<\/p>\n\n\n\n<p>&#8211; Syst\u00e8me d\u2019ascenseur Gen2&nbsp;: le plus vendu dans le monde avec plus d\u2019un million d\u2019unit\u00e9s commercialis\u00e9es. Il est appr\u00e9ci\u00e9 pour son efficacit\u00e9 \u00e9nerg\u00e9tique, sa fiabilit\u00e9 et le confort exceptionnel de ses d\u00e9placements fluides et silencieux. Des avantages rendus possibles gr\u00e2ce \u00e0 sa technologie \u00e0 courroie plate et \u00e0 son design compact.<\/p>\n\n\n\n<p>&#8211; Technologie Otis ReGen&nbsp;: elle permet \u00e0 ses utilisateurs de r\u00e9duire leur consommation \u00e9nerg\u00e9tique jusqu\u2019\u00e0 50% par rapport aux anciens syst\u00e8mes \u00e0 engrenage non r\u00e9g\u00e9n\u00e9ratifs, et jusqu\u2019\u00e0 75% comparativement aux syst\u00e8mes hydrauliques.<\/p>\n\n\n\n<p>&#8211; Syst\u00e8me de gestion intelligente Otis Compass 360&nbsp;: il optimise les flux en orientant les ascenseurs avec pr\u00e9cision et en \u00e9vitant les arr\u00eats inutiles. Gr\u00e2ce \u00e0 sa technologie brevet\u00e9e \u00abSmart Grouping\u00bb, il red\u00e9finit l\u2019exp\u00e9rience utilisateur en regroupant intelligemment passagers et destinations, garantissant ainsi un service rapide, fluide et structur\u00e9<br>\u00abNous sommes fiers et pleinement dispos\u00e9s \u00e0 accompagner nos partenaires et clients au Maroc dans la concr\u00e9tisation de leurs ambitions, alors qu\u2019ils mettent en \u0153uvre de vastes programmes d\u2019urbanisation dans le cadre de la Vision Num\u00e9rique 2030 du Royaume\u00bb, d\u00e9clare Abdelhak Hakki (photo), Directeur G\u00e9n\u00e9ral d\u2019Otis Maroc. \u00ab\u00c0 l\u2019approche de la prochaine Coupe d\u2019Afrique des Nations en d\u00e9cembre 2025, notre engagement \u00e0 offrir aux populations la libert\u00e9 de se connecter et de s\u2019\u00e9panouir dans un monde plus haut, plus rapide et plus intelligent s\u2019inscrit pleinement dans la dynamique de transformation et de progr\u00e8s engag\u00e9e\u00bb.<\/p>\n\n\n\n<p><strong><em>\u00c0 propos d\u2019Otis<\/em><\/strong><\/p>\n\n\n\n<p>Otis offre aux individus la libert\u00e9 de se connecter et de prosp\u00e9rer dans un monde en constante \u00e9volution, toujours plus vertical, rapide et intelligent. Leader mondial incontest\u00e9 dans la fabrication, l\u2019installation et la maintenance d\u2019ascenseurs et d\u2019escaliers m\u00e9caniques, Otis transporte chaque jour 2,4 milliards de personnes et assure l\u2019entretien d\u2019environ 2,4 millions d\u2019\u00e9quipements dans le monde, constituant ainsi le plus vaste portefeuille de services de l\u2019industrie. Pr\u00e9sente dans les b\u00e2timents les plus embl\u00e9matiques de la plan\u00e8te, Otis intervient \u00e9galement dans les infrastructures r\u00e9sidentielles, commerciales et de transport, partout o\u00f9 les mobilit\u00e9s humaines s\u2019expriment. Le si\u00e8ge mondial de l\u2019entreprise est situ\u00e9 dans l\u2019\u00c9tat du Connecticut, aux \u00c9tats-Unis. Forte de ses 72.000 collaborateurs (dont 44.000 techniciens de terrain), l\u2019entreprise s\u2019engage r\u00e9solument \u00e0 concevoir, installer et maintenir des solutions adapt\u00e9es aux besoins sp\u00e9cifiques de ses clients et usagers, dans plus de 200 pays et territoires.<\/p>\n","protected":false},"excerpt":{"rendered":"<p>Le g\u00e9ant am\u00e9ricain Otis, leader mondial dans la conception, la fabrication, l\u2019installation et la maintenance d\u2019ascenseurs et d\u2019escaliers m\u00e9caniques, prendra part au Sommet Nord-Africain des Infrastructures Intelligentes 2025, qui se tiendra \u00e0 Rabat les 10 et 11 septembre prochain. Cet \u00e9v\u00e9nement de deux jours mettra en lumi\u00e8re les avanc\u00e9es significatives du Royaume dans les domaines &hellip;<\/p>\n","protected":false},"author":9,"featured_media":38170,"comment_status":"open","ping_status":"closed","sticky":false,"template":"","format":"standard","meta":{"footnotes":""},"categories":[114],"tags":[],"class_list":["post-38181","post","type-post","status-publish","format-standard","has-post-thumbnail","hentry","category-technologies"],"_links":{"self":[{"href":"https:\/\/letempsmag.ma\/index.php?rest_route=\/wp\/v2\/posts\/38181","targetHints":{"allow":["GET"]}}],"collection":[{"href":"https:\/\/letempsmag.ma\/index.php?rest_route=\/wp\/v2\/posts"}],"about":[{"href":"https:\/\/letempsmag.ma\/index.php?rest_route=\/wp\/v2\/types\/post"}],"author":[{"embeddable":true,"href":"https:\/\/letempsmag.ma\/index.php?rest_route=\/wp\/v2\/users\/9"}],"replies":[{"embeddable":true,"href":"https:\/\/letempsmag.ma\/index.php?rest_route=%2Fwp%2Fv2%2Fcomments&post=38181"}],"version-history":[{"count":1,"href":"https:\/\/letempsmag.ma\/index.php?rest_route=\/wp\/v2\/posts\/38181\/revisions"}],"predecessor-version":[{"id":38182,"href":"https:\/\/letempsmag.ma\/index.php?rest_route=\/wp\/v2\/posts\/38181\/revisions\/38182"}],"wp:featuredmedia":[{"embeddable":true,"href":"https:\/\/letempsmag.ma\/index.php?rest_route=\/wp\/v2\/media\/38170"}],"wp:attachment":[{"href":"https:\/\/letempsmag.ma\/index.php?rest_route=%2Fwp%2Fv2%2Fmedia&parent=38181"}],"wp:term":[{"taxonomy":"category","embeddable":true,"href":"https:\/\/letempsmag.ma\/index.php?rest_route=%2Fwp%2Fv2%2Fcategories&post=38181"},{"taxonomy":"post_tag","embeddable":true,"href":"https:\/\/letempsmag.ma\/index.php?rest_route=%2Fwp%2Fv2%2Ftags&post=38181"}],"curies":[{"name":"wp","href":"https:\/\/api.w.org\/{rel}","templated":true}]}}