{"id":38157,"date":"2025-09-09T11:08:21","date_gmt":"2025-09-09T10:08:21","guid":{"rendered":"https:\/\/letempsmag.ma\/?p=38157"},"modified":"2025-09-09T11:08:22","modified_gmt":"2025-09-09T10:08:22","slug":"le-marocain-brahim-diaz-carte-maitresse-du-real-madrid","status":"publish","type":"post","link":"https:\/\/letempsmag.ma\/?p=38157","title":{"rendered":"Le Marocain Brahim Diaz, carte-ma\u00eetresse du Real Madrid"},"content":{"rendered":"\n<p>Le footballeur international marocain Brahim Diaz est \u00abUn atout majeur\u00bb aussi bien pour la s\u00e9lection nationale marocaine que pour son club le Real Madrid. C\u2019est ce qu\u2019\u00e9crit le site d\u2019information espagnol \u00abOK Diario\u00bb.<\/p>\n\n\n\n<p>Le milieu offensif traverse une p\u00e9riode faste et s\u2019est affirm\u00e9 comme l\u2019un des leaders des Lions de l\u2019Atlas, d\u00e9j\u00e0 qualifi\u00e9s pour la Coupe du monde 2026 pr\u00e9vue aux \u00c9tats-Unis, au Mexique et au Canada, rel\u00e8ve la publication.<\/p>\n\n\n\n<p>Avec le Real Madrid, Brahim Diaz s\u2019impose par sa polyvalence et sa cr\u00e9ativit\u00e9, des qualit\u00e9s qui font de lui une pi\u00e8ce indispensable dans le dispositif de l\u2019entra\u00eeneur Xabi Alonso, souligne le m\u00e9dia espagnol.<\/p>\n\n\n\n<p>\u00abOK Diario\u00bb indique que le joueur b\u00e9n\u00e9ficie \u00e9galement d\u2019une forte visibilit\u00e9 hors du terrain, puisqu\u2019il est devenu la figure la plus attractive pour les sponsors et un ambassadeur de choix pour le football marocain. Il rappelle aussi que le Real Madrid a prolong\u00e9 r\u00e9cemment le contrat de Brahim Diaz jusqu\u2019en 2027, le consid\u00e9rant comme un \u00e9l\u00e9ment capital de son effectif actuel et futur.<\/p>\n","protected":false},"excerpt":{"rendered":"<p>Le footballeur international marocain Brahim Diaz est \u00abUn atout majeur\u00bb aussi bien pour la s\u00e9lection nationale marocaine que pour son club le Real Madrid. C\u2019est ce qu\u2019\u00e9crit le site d\u2019information espagnol \u00abOK Diario\u00bb. Le milieu offensif traverse une p\u00e9riode faste et s\u2019est affirm\u00e9 comme l\u2019un des leaders des Lions de l\u2019Atlas, d\u00e9j\u00e0 qualifi\u00e9s pour la &hellip;<\/p>\n","protected":false},"author":9,"featured_media":38142,"comment_status":"open","ping_status":"closed","sticky":false,"template":"","format":"standard","meta":{"footnotes":""},"categories":[50],"tags":[],"class_list":["post-38157","post","type-post","status-publish","format-standard","has-post-thumbnail","hentry","category-football"],"_links":{"self":[{"href":"https:\/\/letempsmag.ma\/index.php?rest_route=\/wp\/v2\/posts\/38157","targetHints":{"allow":["GET"]}}],"collection":[{"href":"https:\/\/letempsmag.ma\/index.php?rest_route=\/wp\/v2\/posts"}],"about":[{"href":"https:\/\/letempsmag.ma\/index.php?rest_route=\/wp\/v2\/types\/post"}],"author":[{"embeddable":true,"href":"https:\/\/letempsmag.ma\/index.php?rest_route=\/wp\/v2\/users\/9"}],"replies":[{"embeddable":true,"href":"https:\/\/letempsmag.ma\/index.php?rest_route=%2Fwp%2Fv2%2Fcomments&post=38157"}],"version-history":[{"count":1,"href":"https:\/\/letempsmag.ma\/index.php?rest_route=\/wp\/v2\/posts\/38157\/revisions"}],"predecessor-version":[{"id":38158,"href":"https:\/\/letempsmag.ma\/index.php?rest_route=\/wp\/v2\/posts\/38157\/revisions\/38158"}],"wp:featuredmedia":[{"embeddable":true,"href":"https:\/\/letempsmag.ma\/index.php?rest_route=\/wp\/v2\/media\/38142"}],"wp:attachment":[{"href":"https:\/\/letempsmag.ma\/index.php?rest_route=%2Fwp%2Fv2%2Fmedia&parent=38157"}],"wp:term":[{"taxonomy":"category","embeddable":true,"href":"https:\/\/letempsmag.ma\/index.php?rest_route=%2Fwp%2Fv2%2Fcategories&post=38157"},{"taxonomy":"post_tag","embeddable":true,"href":"https:\/\/letempsmag.ma\/index.php?rest_route=%2Fwp%2Fv2%2Ftags&post=38157"}],"curies":[{"name":"wp","href":"https:\/\/api.w.org\/{rel}","templated":true}]}}