{"id":38153,"date":"2025-09-09T11:06:08","date_gmt":"2025-09-09T10:06:08","guid":{"rendered":"https:\/\/letempsmag.ma\/?p=38153"},"modified":"2025-09-09T11:06:08","modified_gmt":"2025-09-09T10:06:08","slug":"la-fondation-dr-leila-mezian-inaugure-a-grenade-lespace-amazigh","status":"publish","type":"post","link":"https:\/\/letempsmag.ma\/?p=38153","title":{"rendered":"La Fondation Dr Leila Mezian inaugure \u00e0 Grenade l\u2019\u00abEspace Amazigh\u00bb"},"content":{"rendered":"\n<p>En pr\u00e9sence d\u2019\u00e9minentes personnalit\u00e9s marocaines et espagnoles, la Fondation Docteur Leila Mezian a inaugur\u00e9, le 4 septembre dernier, l\u2019Espace Amazigh dans l\u2019embl\u00e9matique monument de l\u2019Alhambra \u00e0 Grenade (Espagne), class\u00e9 au patrimoine mondial de l\u2019UNESCO. Cet \u00e9v\u00e9nement historique marque l\u2019aboutissement d\u2019un projet majeur d\u00e9di\u00e9 \u00e0 la perp\u00e9tuation de l\u2019h\u00e9ritage de Feue Dr Leila Mezian Benjelloun et au renforcement des liens culturels s\u00e9culaires unissant les deux rives de la M\u00e9diterran\u00e9e.<\/p>\n\n\n\n<p>C\u2019est dans le cadre magnifique du Carmen de Los Porcel, o\u00f9 est situ\u00e9 l\u2019Espace Amazigh, que s\u2019est d\u00e9roul\u00e9e la c\u00e9r\u00e9monie, en pr\u00e9sence d\u2019Othman Benjelloun, Pr\u00e9sident-Directeur G\u00e9n\u00e9ral de Bank Of Africa, Dounia Benjelloun, Vice-Pr\u00e9sidente de la Fondation Dr Leila Mezian, Andr\u00e9 Azoulay, Conseiller de S.M. le Roi Mohammed VI, et Jeronimo Paez, acteur important de la coop\u00e9ration culturelle. L&#8217;Espagne \u00e9tait repr\u00e9sent\u00e9e notamment par Patricia Del Pozo Fernandez, Ministre de la Culture et des Sports du gouvernement r\u00e9gional d&#8217;Andalousie, et Rodrigo Ruiz Jim\u00e9nez Carrera, Directeur G\u00e9n\u00e9ral du Patronat d\u2019Alhambra, aux c\u00f4t\u00e9s de nombreuses personnalit\u00e9s du monde culturel, diplomatique et institutionnel.<\/p>\n\n\n\n<p><strong><em>R\u00e9alisation d&#8217;un r\u00eave, accomplissement d&#8217;une vision<\/em><\/strong><\/p>\n\n\n\n<p>L\u2019inauguration a \u00e9t\u00e9 marqu\u00e9e par une visite guid\u00e9e priv\u00e9e de l\u2019Alhambra, offerte aux invit\u00e9s d\u2019honneur marocains, soulignant la dimension symbolique de ce rapprochement culturel. Le cort\u00e8ge s\u2019est rendu au Carmen de Los Porcel o\u00f9 les personnalit\u00e9s ont \u00e9t\u00e9 accueillies avant de proc\u00e9der \u00e0 une photographie officielle immortalisant ce partenariat fructueux.<\/p>\n\n\n\n<p>La Ministre espagnol du Tourisme et de la Culture a prononc\u00e9 un discours \u00e9mouvant en hommage \u00e0 Feue Dr Leila Mezian, saluant sa vision et la pers\u00e9v\u00e9rance de la Fondation qui porte son nom. Dounia Benjelloun a, elle aussi, pris la parole pour rendre un hommage poignant \u00e0 sa m\u00e8re, dont la passion pour la culture amazighe et la conviction d\u2019un dialogue interculturel entre les deux rives de la M\u00e9diterran\u00e9e sont \u00e0 l\u2019origine de ce projet. Elle a notamment soulign\u00e9 que cet espace est l\u2019accomplissement de son r\u00eave de voir la richesse du patrimoine amazigh mis en lumi\u00e8re au sein m\u00eame d\u2019un lieu symbole du dialogue des civilisations.<\/p>\n\n\n\n<p><strong><em>Un \u00e9crin pour un h\u00e9ritage mill\u00e9naire<\/em><\/strong><\/p>\n\n\n\n<p>D\u2019une superficie de 250 m2, dont 200 m2 d\u00e9di\u00e9s \u00e0 une exposition permanente, l\u2019Espace Amazigh se trouve au c\u0153ur d\u2019un jardin de 20 hectares. Il proposera \u00e0 partir du printemps 2026 une collection unique d\u2019objets berb\u00e8res patiemment rassembl\u00e9s par Feue Dr Leila Mezian Benjelloun pendant plus de cinquante ans. Sc\u00e9nographi\u00e9 dans le respect des normes mus\u00e9ographiques les plus exigeantes, cet espace vivant et p\u00e9dagogique met en lumi\u00e8re les liens historiques et artistiques entre l\u2019Andalousie et le monde Amazigh, perp\u00e9tuant ainsi le succ\u00e8s de l\u2019exposition \u00abLa Granada Ziri Del Siglo XI y El Universo Bereber\u00bb, inaugur\u00e9e en 2019 par la Reine Letizia d\u2019Espagne au Palais de Carlos V.<\/p>\n\n\n\n<p>Distingu\u00e9e en 2016 avec le Wissam Alaouite par S.M. le Roi Mohammed VI, Feue Dr Leila Mezian Benjelloun laisse un h\u00e9ritage philanthropique et culturel exceptionnel. L\u2019Espace Amazigh, qui associe son nom \u00e0 celui de l\u2019un des sites les plus visit\u00e9s au monde, incarne sa vision d\u2019un rapprochement par la culture et devient un lieu de r\u00e9f\u00e9rence incontournable pour la d\u00e9couverte et la compr\u00e9hension de la richesse de la civilisation amazighe.<\/p>\n\n\n\n<p>\u00c0 travers cette r\u00e9alisation, la Fondation Dr Leila Mezian et le Patronat de l\u2019Alhambra et du Generalife r\u00e9affirment ainsi leur engagement commun \u00e0 c\u00e9l\u00e9brer la diversit\u00e9 culturelle et \u00e0 construire des ponts durables entre le Maroc et l\u2019Espagne.<\/p>\n","protected":false},"excerpt":{"rendered":"<p>En pr\u00e9sence d\u2019\u00e9minentes personnalit\u00e9s marocaines et espagnoles, la Fondation Docteur Leila Mezian a inaugur\u00e9, le 4 septembre dernier, l\u2019Espace Amazigh dans l\u2019embl\u00e9matique monument de l\u2019Alhambra \u00e0 Grenade (Espagne), class\u00e9 au patrimoine mondial de l\u2019UNESCO. Cet \u00e9v\u00e9nement historique marque l\u2019aboutissement d\u2019un projet majeur d\u00e9di\u00e9 \u00e0 la perp\u00e9tuation de l\u2019h\u00e9ritage de Feue Dr Leila Mezian Benjelloun et &hellip;<\/p>\n","protected":false},"author":9,"featured_media":38137,"comment_status":"open","ping_status":"closed","sticky":false,"template":"","format":"standard","meta":{"footnotes":""},"categories":[56],"tags":[],"class_list":["post-38153","post","type-post","status-publish","format-standard","has-post-thumbnail","hentry","category-patrimoine"],"_links":{"self":[{"href":"https:\/\/letempsmag.ma\/index.php?rest_route=\/wp\/v2\/posts\/38153","targetHints":{"allow":["GET"]}}],"collection":[{"href":"https:\/\/letempsmag.ma\/index.php?rest_route=\/wp\/v2\/posts"}],"about":[{"href":"https:\/\/letempsmag.ma\/index.php?rest_route=\/wp\/v2\/types\/post"}],"author":[{"embeddable":true,"href":"https:\/\/letempsmag.ma\/index.php?rest_route=\/wp\/v2\/users\/9"}],"replies":[{"embeddable":true,"href":"https:\/\/letempsmag.ma\/index.php?rest_route=%2Fwp%2Fv2%2Fcomments&post=38153"}],"version-history":[{"count":1,"href":"https:\/\/letempsmag.ma\/index.php?rest_route=\/wp\/v2\/posts\/38153\/revisions"}],"predecessor-version":[{"id":38154,"href":"https:\/\/letempsmag.ma\/index.php?rest_route=\/wp\/v2\/posts\/38153\/revisions\/38154"}],"wp:featuredmedia":[{"embeddable":true,"href":"https:\/\/letempsmag.ma\/index.php?rest_route=\/wp\/v2\/media\/38137"}],"wp:attachment":[{"href":"https:\/\/letempsmag.ma\/index.php?rest_route=%2Fwp%2Fv2%2Fmedia&parent=38153"}],"wp:term":[{"taxonomy":"category","embeddable":true,"href":"https:\/\/letempsmag.ma\/index.php?rest_route=%2Fwp%2Fv2%2Fcategories&post=38153"},{"taxonomy":"post_tag","embeddable":true,"href":"https:\/\/letempsmag.ma\/index.php?rest_route=%2Fwp%2Fv2%2Ftags&post=38153"}],"curies":[{"name":"wp","href":"https:\/\/api.w.org\/{rel}","templated":true}]}}