{"id":38151,"date":"2025-09-09T11:05:08","date_gmt":"2025-09-09T10:05:08","guid":{"rendered":"https:\/\/letempsmag.ma\/?p=38151"},"modified":"2025-09-09T11:05:08","modified_gmt":"2025-09-09T10:05:08","slug":"lemblematique-bacha-coffee-sinstalle-dans-laeroport-marrakech-menara","status":"publish","type":"post","link":"https:\/\/letempsmag.ma\/?p=38151","title":{"rendered":"L\u2019embl\u00e9matique \u00abBacha Coffee\u00bb s\u2019installe dans l\u2019a\u00e9roport Marrakech-M\u00e9nara"},"content":{"rendered":"\n<p>L\u2019Office National des A\u00e9roports (ONDA) poursuit la mise en \u0153uvre de sa strat\u00e9gie \u00abA\u00e9roports 2030\u00bb avec l\u2019ouverture prochaine d\u2019un \u00abBacha Coffee\u00bb \u00e0 l\u2019a\u00e9roport Marrakech-M\u00e9nara. Marque marocaine pr\u00e9sente dans 35 a\u00e9roports internationaux, l\u2019enseigne incarne l\u2019alliance entre h\u00e9ritage local et reconnaissance mondiale. Son implantation dans l\u2019un des a\u00e9roports les plus embl\u00e9matiques du Royaume s\u2019inscrit dans la volont\u00e9 de renforcer l\u2019exp\u00e9rience client et d\u2019accompagner la mont\u00e9e en gamme des services propos\u00e9s aux voyageurs.<\/p>\n\n\n\n<p>Pr\u00e9sente dans de nombreux 35 a\u00e9roports \u00e0 travers le monde, de Paris \u00e0 Singapour en passant par Duba\u00ef, \u00abBacha Coffee\u00bb t\u00e9moigne du rayonnement international d\u2019une marque n\u00e9e au Maroc et devenue un acteur de r\u00e9f\u00e9rence. Son int\u00e9gration au terminal de Marrakech-M\u00e9nara constitue ainsi une cr\u00e9ation de valeur exp\u00e9rientielle pour les passagers, en leur proposant un service \u00e0 forte identit\u00e9 culturelle et per\u00e7u comme un gage d\u2019authenticit\u00e9.<\/p>\n\n\n\n<p>Ancr\u00e9e dans son histoire marrakchie, la marque a r\u00e9ussi \u00e0 construire un univers alliant authenticit\u00e9, \u00e9l\u00e9gance et exigence de qualit\u00e9. En accueillant cette maison patrimoniale, l\u2019a\u00e9roport Marrakech-M\u00e9nara consolide son image de porte d\u2019entr\u00e9e vers un Maroc moderne et hospitalier, tout en offrant aux passagers une exp\u00e9rience qui d\u00e9passe la simple fonction de passage.<\/p>\n\n\n\n<p>Cette ouverture r\u00e9pond \u00e0 un double objectif strat\u00e9gique&nbsp;: d\u2019abord \u00e9largir le mix commercial et exp\u00e9rientiel des a\u00e9roports marocains, en int\u00e9grant des enseignes capables de valoriser le patrimoine national tout en r\u00e9pondant aux standards internationaux de qualit\u00e9 et d\u2019hospitalit\u00e9. Ensuite, renforcer la mont\u00e9e en gamme de l\u2019offre a\u00e9roportuaire.<\/p>\n\n\n\n<p>\u00c0 travers cette dynamique, l\u2019ONDA place encore une fois le passager au c\u0153ur de son mod\u00e8le de d\u00e9veloppement. Chaque marque int\u00e9gr\u00e9e dans les a\u00e9roports est ainsi s\u00e9lectionn\u00e9e pour sa capacit\u00e9 \u00e0 enrichir le parcours client, \u00e0 accro\u00eetre la valeur per\u00e7ue et \u00e0 g\u00e9n\u00e9rer un impact positif sur l\u2019image des a\u00e9roports marocains comme vitrines de l\u2019art de vivre national.<\/p>\n\n\n\n<p>En d\u00e9finitive, voil\u00e0 une ouverture qui marque une \u00e9tape dans la strat\u00e9gie de l\u2019ONDA puisque d\u2019autres marques, marocaines et internationales, viendront prochainement \u00e9toffer l\u2019offre commerciale et exp\u00e9rientielle des a\u00e9roports du Royaume, afin d\u2019apporter aux voyageurs une exp\u00e9rience encore plus riche, diversifi\u00e9e et conforme aux standards internationaux.<\/p>\n","protected":false},"excerpt":{"rendered":"<p>L\u2019Office National des A\u00e9roports (ONDA) poursuit la mise en \u0153uvre de sa strat\u00e9gie \u00abA\u00e9roports 2030\u00bb avec l\u2019ouverture prochaine d\u2019un \u00abBacha Coffee\u00bb \u00e0 l\u2019a\u00e9roport Marrakech-M\u00e9nara. Marque marocaine pr\u00e9sente dans 35 a\u00e9roports internationaux, l\u2019enseigne incarne l\u2019alliance entre h\u00e9ritage local et reconnaissance mondiale. Son implantation dans l\u2019un des a\u00e9roports les plus embl\u00e9matiques du Royaume s\u2019inscrit dans la volont\u00e9 &hellip;<\/p>\n","protected":false},"author":9,"featured_media":38134,"comment_status":"open","ping_status":"closed","sticky":false,"template":"","format":"standard","meta":{"footnotes":""},"categories":[914],"tags":[],"class_list":["post-38151","post","type-post","status-publish","format-standard","has-post-thumbnail","hentry","category-enseignes"],"_links":{"self":[{"href":"https:\/\/letempsmag.ma\/index.php?rest_route=\/wp\/v2\/posts\/38151","targetHints":{"allow":["GET"]}}],"collection":[{"href":"https:\/\/letempsmag.ma\/index.php?rest_route=\/wp\/v2\/posts"}],"about":[{"href":"https:\/\/letempsmag.ma\/index.php?rest_route=\/wp\/v2\/types\/post"}],"author":[{"embeddable":true,"href":"https:\/\/letempsmag.ma\/index.php?rest_route=\/wp\/v2\/users\/9"}],"replies":[{"embeddable":true,"href":"https:\/\/letempsmag.ma\/index.php?rest_route=%2Fwp%2Fv2%2Fcomments&post=38151"}],"version-history":[{"count":1,"href":"https:\/\/letempsmag.ma\/index.php?rest_route=\/wp\/v2\/posts\/38151\/revisions"}],"predecessor-version":[{"id":38152,"href":"https:\/\/letempsmag.ma\/index.php?rest_route=\/wp\/v2\/posts\/38151\/revisions\/38152"}],"wp:featuredmedia":[{"embeddable":true,"href":"https:\/\/letempsmag.ma\/index.php?rest_route=\/wp\/v2\/media\/38134"}],"wp:attachment":[{"href":"https:\/\/letempsmag.ma\/index.php?rest_route=%2Fwp%2Fv2%2Fmedia&parent=38151"}],"wp:term":[{"taxonomy":"category","embeddable":true,"href":"https:\/\/letempsmag.ma\/index.php?rest_route=%2Fwp%2Fv2%2Fcategories&post=38151"},{"taxonomy":"post_tag","embeddable":true,"href":"https:\/\/letempsmag.ma\/index.php?rest_route=%2Fwp%2Fv2%2Ftags&post=38151"}],"curies":[{"name":"wp","href":"https:\/\/api.w.org\/{rel}","templated":true}]}}