{"id":38057,"date":"2025-09-08T12:24:04","date_gmt":"2025-09-08T11:24:04","guid":{"rendered":"https:\/\/letempsmag.ma\/?p=38057"},"modified":"2025-09-08T12:24:04","modified_gmt":"2025-09-08T11:24:04","slug":"la-haca-prend-part-a-une-conference-de-lunesco-sur-lintegrite-de-linformation","status":"publish","type":"post","link":"https:\/\/letempsmag.ma\/?p=38057","title":{"rendered":"La HACA prend part \u00e0 une conf\u00e9rence de l\u2019UNESCO sur l\u2019int\u00e9grit\u00e9 de l\u2019information"},"content":{"rendered":"\n<p>La Haute Autorit\u00e9 de la Communication Audiovisuelle (HACA) a pris part, du 3 au 5 septembre \u00e0 Praia (capitale du Cap-Vert) \u00e0 la conf\u00e9rence internationale organis\u00e9e par l&#8217;Organisation des Nations Unies pour l&#8217;\u00c9ducation, la Science et la Culture (UNESCO) et consacr\u00e9e \u00e0 la pr\u00e9servation de l&#8217;int\u00e9grit\u00e9 de l&#8217;information en Afrique de l\u2019Ouest et au Sahel.<\/p>\n\n\n\n<p>La conf\u00e9rence a r\u00e9uni des Ministres de la Communication, des Pr\u00e9sidents d\u2019instances africaines de r\u00e9gulation, des autorit\u00e9s de protection des donn\u00e9es personnelles, des pr\u00e9sidents de commissions \u00e9lectorales, des experts ainsi que des repr\u00e9sentants de la soci\u00e9t\u00e9 civile et des milieux acad\u00e9miques. Le segment de haut niveau de cette rencontre s\u2019est tenu avec la participation du Premier ministre capverdien, Ulisses Correia E.Silva.<\/p>\n\n\n\n<p>Intervenant lors des d\u00e9bats th\u00e9matiques, la Pr\u00e9sidente de la HACA, Latifa Akharbach (photo), a mis en avant le lien indissociable, dans l&#8217;environnement m\u00e9diatique globalis\u00e9 et digitalis\u00e9, entre l\u2019alt\u00e9ration de l\u2019int\u00e9grit\u00e9 de l\u2019information et la d\u00e9gradation de l\u2019int\u00e9grit\u00e9 de la connaissance en g\u00e9n\u00e9ral. Cit\u00e9e par un communiqu\u00e9 de la HACA, Latifa Akharbach a \u00e9galement soulign\u00e9 la n\u00e9cessit\u00e9 pour les pays africains, de d\u00e9ployer des politiques publiques int\u00e9grant r\u00e9gulation ind\u00e9pendante, soutien au journalisme professionnel, protection des libert\u00e9s fondamentales, \u00e9ducation \u00e0 l\u2019information, consolidation de la souverainet\u00e9 num\u00e9rique et coop\u00e9ration internationale, afin de prot\u00e9ger la d\u00e9mocratie, la coh\u00e9sion sociale et la souverainet\u00e9 informationnelle dans un monde satur\u00e9 de flux num\u00e9riques.<\/p>\n\n\n\n<p>Organis\u00e9e avec le soutien d&#8217;agences onusiennes et organisations internationales de d\u00e9veloppement, cette conf\u00e9rence visait \u00e0 renforcer la r\u00e9silience de la confiance informationnelle et la reconnaissance du droit des citoyens \u00e0 une information fiable en tant que bien public.<\/p>\n\n\n\n<p>Les travaux se sont conclus par l&#8217;adoption d\u2019un cadre strat\u00e9gique et du \u00abPlan d&#8217;action de Praia\u00bb destin\u00e9s \u00e0 aider les pays africains \u00e0 apporter des r\u00e9ponses durables et respectueuses des libert\u00e9s fondamentales, aux vuln\u00e9rabilit\u00e9s structurelles entravant l\u2019int\u00e9grit\u00e9 de l\u2019information.<\/p>\n","protected":false},"excerpt":{"rendered":"<p>La Haute Autorit\u00e9 de la Communication Audiovisuelle (HACA) a pris part, du 3 au 5 septembre \u00e0 Praia (capitale du Cap-Vert) \u00e0 la conf\u00e9rence internationale organis\u00e9e par l&#8217;Organisation des Nations Unies pour l&#8217;\u00c9ducation, la Science et la Culture (UNESCO) et consacr\u00e9e \u00e0 la pr\u00e9servation de l&#8217;int\u00e9grit\u00e9 de l&#8217;information en Afrique de l\u2019Ouest et au Sahel. &hellip;<\/p>\n","protected":false},"author":9,"featured_media":38045,"comment_status":"open","ping_status":"closed","sticky":false,"template":"","format":"standard","meta":{"footnotes":""},"categories":[59],"tags":[],"class_list":["post-38057","post","type-post","status-publish","format-standard","has-post-thumbnail","hentry","category-communication"],"_links":{"self":[{"href":"https:\/\/letempsmag.ma\/index.php?rest_route=\/wp\/v2\/posts\/38057","targetHints":{"allow":["GET"]}}],"collection":[{"href":"https:\/\/letempsmag.ma\/index.php?rest_route=\/wp\/v2\/posts"}],"about":[{"href":"https:\/\/letempsmag.ma\/index.php?rest_route=\/wp\/v2\/types\/post"}],"author":[{"embeddable":true,"href":"https:\/\/letempsmag.ma\/index.php?rest_route=\/wp\/v2\/users\/9"}],"replies":[{"embeddable":true,"href":"https:\/\/letempsmag.ma\/index.php?rest_route=%2Fwp%2Fv2%2Fcomments&post=38057"}],"version-history":[{"count":1,"href":"https:\/\/letempsmag.ma\/index.php?rest_route=\/wp\/v2\/posts\/38057\/revisions"}],"predecessor-version":[{"id":38058,"href":"https:\/\/letempsmag.ma\/index.php?rest_route=\/wp\/v2\/posts\/38057\/revisions\/38058"}],"wp:featuredmedia":[{"embeddable":true,"href":"https:\/\/letempsmag.ma\/index.php?rest_route=\/wp\/v2\/media\/38045"}],"wp:attachment":[{"href":"https:\/\/letempsmag.ma\/index.php?rest_route=%2Fwp%2Fv2%2Fmedia&parent=38057"}],"wp:term":[{"taxonomy":"category","embeddable":true,"href":"https:\/\/letempsmag.ma\/index.php?rest_route=%2Fwp%2Fv2%2Fcategories&post=38057"},{"taxonomy":"post_tag","embeddable":true,"href":"https:\/\/letempsmag.ma\/index.php?rest_route=%2Fwp%2Fv2%2Ftags&post=38057"}],"curies":[{"name":"wp","href":"https:\/\/api.w.org\/{rel}","templated":true}]}}