{"id":38051,"date":"2025-09-08T12:20:35","date_gmt":"2025-09-08T11:20:35","guid":{"rendered":"https:\/\/letempsmag.ma\/?p=38051"},"modified":"2025-09-08T12:20:35","modified_gmt":"2025-09-08T11:20:35","slug":"city-club-amorce-un-tournant-majeur-dans-le-cadre-dune-cession-imminente","status":"publish","type":"post","link":"https:\/\/letempsmag.ma\/?p=38051","title":{"rendered":"City Club amorce un tournant majeur dans le cadre d\u2019une cession imminente"},"content":{"rendered":"\n<p>Le leader national du fitness et du sport, City Club, s\u2019appr\u00eate \u00e0 franchir une nouvelle \u00e9tape d\u00e9cisive de son histoire. Selon des sources proches de la direction, une cession du groupe est en cours de finalisation, ouvrant la voie \u00e0 une nouvelle gouvernance et \u00e0 un ambitieux plan de relance.<\/p>\n\n\n\n<p>Malgr\u00e9 les turbulences li\u00e9es \u00e0 l\u2019absence de son fondateur Jonathan Harroch, d\u00e9tenu depuis dix mois dans le cadre d\u2019une enqu\u00eate judiciaire en cours, City Club a assur\u00e9 la continuit\u00e9 de ses activit\u00e9s. Sur les 25 clubs que compte le r\u00e9seau, seules trois salles fermeront prochainement&nbsp;: deux situ\u00e9es dans les gares ONCF et une sur le boulevard Zerktouni \u00e0 Casablanca.<\/p>\n\n\n\n<p>Le repreneur pressenti a annonc\u00e9 un investissement de 80 millions de DH pour moderniser et remettre \u00e0 niveau plusieurs \u00e9tablissements. L\u2019ensemble des enseignes du groupe (UFC Gym, Unique Fitness Clubs et City Club) sont incluses dans la transaction. Un point rassurant pour les adh\u00e9rents&nbsp;: leurs contrats seront repris int\u00e9gralement, sans changement des conditions en vigueur, \u00e0 la suite de discussions avec le groupe Nation Sportive. Le montant d\u00e9finitif et la forme juridique de la transaction seront d\u00e9voil\u00e9s \u00e0 l\u2019issue des n\u00e9gociations en cours.<\/p>\n\n\n\n<p>Dans cette nouvelle phase, City Club entend conserver son r\u00f4le de marque citoyenne et d\u2019acteur-cl\u00e9 de la vie sportive nationale, fid\u00e8le \u00e0 son engagement&nbsp;: promouvoir le droit au sport pour tous.<\/p>\n\n\n\n<p><strong>L. F.<\/strong><\/p>\n","protected":false},"excerpt":{"rendered":"<p>Le leader national du fitness et du sport, City Club, s\u2019appr\u00eate \u00e0 franchir une nouvelle \u00e9tape d\u00e9cisive de son histoire. Selon des sources proches de la direction, une cession du groupe est en cours de finalisation, ouvrant la voie \u00e0 une nouvelle gouvernance et \u00e0 un ambitieux plan de relance. Malgr\u00e9 les turbulences li\u00e9es \u00e0 &hellip;<\/p>\n","protected":false},"author":9,"featured_media":38050,"comment_status":"open","ping_status":"closed","sticky":false,"template":"","format":"standard","meta":{"footnotes":""},"categories":[1529],"tags":[],"class_list":["post-38051","post","type-post","status-publish","format-standard","has-post-thumbnail","hentry","category-fitness"],"_links":{"self":[{"href":"https:\/\/letempsmag.ma\/index.php?rest_route=\/wp\/v2\/posts\/38051","targetHints":{"allow":["GET"]}}],"collection":[{"href":"https:\/\/letempsmag.ma\/index.php?rest_route=\/wp\/v2\/posts"}],"about":[{"href":"https:\/\/letempsmag.ma\/index.php?rest_route=\/wp\/v2\/types\/post"}],"author":[{"embeddable":true,"href":"https:\/\/letempsmag.ma\/index.php?rest_route=\/wp\/v2\/users\/9"}],"replies":[{"embeddable":true,"href":"https:\/\/letempsmag.ma\/index.php?rest_route=%2Fwp%2Fv2%2Fcomments&post=38051"}],"version-history":[{"count":1,"href":"https:\/\/letempsmag.ma\/index.php?rest_route=\/wp\/v2\/posts\/38051\/revisions"}],"predecessor-version":[{"id":38052,"href":"https:\/\/letempsmag.ma\/index.php?rest_route=\/wp\/v2\/posts\/38051\/revisions\/38052"}],"wp:featuredmedia":[{"embeddable":true,"href":"https:\/\/letempsmag.ma\/index.php?rest_route=\/wp\/v2\/media\/38050"}],"wp:attachment":[{"href":"https:\/\/letempsmag.ma\/index.php?rest_route=%2Fwp%2Fv2%2Fmedia&parent=38051"}],"wp:term":[{"taxonomy":"category","embeddable":true,"href":"https:\/\/letempsmag.ma\/index.php?rest_route=%2Fwp%2Fv2%2Fcategories&post=38051"},{"taxonomy":"post_tag","embeddable":true,"href":"https:\/\/letempsmag.ma\/index.php?rest_route=%2Fwp%2Fv2%2Ftags&post=38051"}],"curies":[{"name":"wp","href":"https:\/\/api.w.org\/{rel}","templated":true}]}}