{"id":37988,"date":"2025-09-05T12:49:08","date_gmt":"2025-09-05T11:49:08","guid":{"rendered":"https:\/\/letempsmag.ma\/?p=37988"},"modified":"2025-09-05T12:49:51","modified_gmt":"2025-09-05T11:49:51","slug":"aid-al-mawlid-annabaoui-acharif","status":"publish","type":"post","link":"https:\/\/letempsmag.ma\/?p=37988","title":{"rendered":"A\u00efd\u00a0Al Mawlid\u00a0Annabaoui Acharif"},"content":{"rendered":"\n<p>\u00c0 l\u2019occasion de l\u2019A\u00efd\u00a0Al Mawlid\u00a0Annabaoui Acharif,\u00a0le magazine LE TEMPS et le site en ligne \u00abletempsmag.ma\u00bb pr\u00e9sentent leurs v\u0153ux \u00e0 l\u2019ensemble des lecteurs et adressent leurs pri\u00e8res \u00e0 Dieu le Tout-Puissant\u00a0afin de\u00a0pr\u00e9server S.M. le Roi Mohammed VI, Amir Al Mouminine, Garant de l\u2019unit\u00e9 du Royaume et Guide de la Nation sur la voie de la prosp\u00e9rit\u00e9 et de la foi. Les deux supports adressent \u00e9galement leurs v\u0153ux d\u00e9f\u00e9rents \u00e0 S.A.R. le Prince H\u00e9ritier Moulay El Hassan ainsi qu\u2019\u00e0 l\u2019Auguste Famille Royale.\u00a0Que cette f\u00eate b\u00e9nie\u00a0consolide la\u00a0paix, la prosp\u00e9rit\u00e9 et la fraternit\u00e9 sous le glorieux R\u00e8gne de notre Souverain.<\/p>\n","protected":false},"excerpt":{"rendered":"<p>\u00c0 l\u2019occasion de l\u2019A\u00efd\u00a0Al Mawlid\u00a0Annabaoui Acharif,\u00a0le magazine LE TEMPS et le site en ligne \u00abletempsmag.ma\u00bb pr\u00e9sentent leurs v\u0153ux \u00e0 l\u2019ensemble des lecteurs et adressent leurs pri\u00e8res \u00e0 Dieu le Tout-Puissant\u00a0afin de\u00a0pr\u00e9server S.M. le Roi Mohammed VI, Amir Al Mouminine, Garant de l\u2019unit\u00e9 du Royaume et Guide de la Nation sur la voie de la prosp\u00e9rit\u00e9 &hellip;<\/p>\n","protected":false},"author":9,"featured_media":37975,"comment_status":"open","ping_status":"closed","sticky":false,"template":"","format":"standard","meta":{"footnotes":""},"categories":[629],"tags":[],"class_list":["post-37988","post","type-post","status-publish","format-standard","has-post-thumbnail","hentry","category-voeux-2"],"_links":{"self":[{"href":"https:\/\/letempsmag.ma\/index.php?rest_route=\/wp\/v2\/posts\/37988","targetHints":{"allow":["GET"]}}],"collection":[{"href":"https:\/\/letempsmag.ma\/index.php?rest_route=\/wp\/v2\/posts"}],"about":[{"href":"https:\/\/letempsmag.ma\/index.php?rest_route=\/wp\/v2\/types\/post"}],"author":[{"embeddable":true,"href":"https:\/\/letempsmag.ma\/index.php?rest_route=\/wp\/v2\/users\/9"}],"replies":[{"embeddable":true,"href":"https:\/\/letempsmag.ma\/index.php?rest_route=%2Fwp%2Fv2%2Fcomments&post=37988"}],"version-history":[{"count":2,"href":"https:\/\/letempsmag.ma\/index.php?rest_route=\/wp\/v2\/posts\/37988\/revisions"}],"predecessor-version":[{"id":37990,"href":"https:\/\/letempsmag.ma\/index.php?rest_route=\/wp\/v2\/posts\/37988\/revisions\/37990"}],"wp:featuredmedia":[{"embeddable":true,"href":"https:\/\/letempsmag.ma\/index.php?rest_route=\/wp\/v2\/media\/37975"}],"wp:attachment":[{"href":"https:\/\/letempsmag.ma\/index.php?rest_route=%2Fwp%2Fv2%2Fmedia&parent=37988"}],"wp:term":[{"taxonomy":"category","embeddable":true,"href":"https:\/\/letempsmag.ma\/index.php?rest_route=%2Fwp%2Fv2%2Fcategories&post=37988"},{"taxonomy":"post_tag","embeddable":true,"href":"https:\/\/letempsmag.ma\/index.php?rest_route=%2Fwp%2Fv2%2Ftags&post=37988"}],"curies":[{"name":"wp","href":"https:\/\/api.w.org\/{rel}","templated":true}]}}