{"id":37979,"date":"2025-09-05T12:35:40","date_gmt":"2025-09-05T11:35:40","guid":{"rendered":"https:\/\/letempsmag.ma\/?p=37979"},"modified":"2025-09-05T12:35:40","modified_gmt":"2025-09-05T11:35:40","slug":"le-cinema-marocain-danimation-en-vedette-a-la-biennale-de-venise","status":"publish","type":"post","link":"https:\/\/letempsmag.ma\/?p=37979","title":{"rendered":"Le cin\u00e9ma marocain d\u2019animation\u00a0en vedette\u00a0\u00e0 la Biennale de Venise"},"content":{"rendered":"\n<p>Pour la premi\u00e8re fois, l\u2019animation marocaine est mise \u00e0 l\u2019honneur sur la sc\u00e8ne internationale \u00e0 travers un panel d\u00e9di\u00e9,&nbsp;organis\u00e9 dans le cadre prestigieux de la Biennale de Venise&nbsp;(Italie). Cette initiative est port\u00e9e par le Centre Cin\u00e9matographique Marocain (CCM) avec le soutien du Festival d\u2019Annecy et de CITIA&nbsp;(structure organisatrice du Festival international du film d\u2019animation d\u2019Annecy)&nbsp;et organis\u00e9e par le Venice Production Bridge.<\/p>\n\n\n\n<p>Intitul\u00e9 \u00abWhen&nbsp;Moroccan Animation Shapes Global Imaginary,&nbsp;Cultural Treasure to Share\u00bb&nbsp;(\u00abQuand l&#8217;animation marocaine fa\u00e7onne l&#8217;imaginaire mondial, un tr\u00e9sor culturel \u00e0 partager\u00bb),&nbsp;ce panel s\u2019inscrit dans le programme officiel du&nbsp;\u00abVenice Production Bridge\u00bb. Il r\u00e9unit des experts internationaux et met en lumi\u00e8re les talents \u00e9mergents ainsi que les ambitions cr\u00e9atives du Maroc dans un secteur en plein essor.&nbsp;Fruit d\u2019une co-organisation entre CITIA&nbsp;et&nbsp;le&nbsp;CCM,&nbsp;ce rendez-vous constitue le premier panel international exclusivement consacr\u00e9 \u00e0 l\u2019animation marocaine.<\/p>\n\n\n\n<p>Pour Ali Rguigue,&nbsp;Directeur d\u2019Artcoustic,&nbsp;\u00abL\u2019animation est un pont entre les cultures et aujourd\u2019hui, le Maroc a franchi une \u00e9tape historique dans ce chemin. Aujourd\u2019hui j\u2019ai eu le privil\u00e8ge de mod\u00e9rer la toute premi\u00e8re repr\u00e9sentation internationale du cin\u00e9ma d\u2019animation Marocain \u00e0 la Mostra de Venise\u00bb.<\/p>\n\n\n\n<p>En tant qu\u2019institution de tutelle,&nbsp;le CCM&nbsp;joue un r\u00f4le central dans cette mise en lumi\u00e8re de la cr\u00e9ativit\u00e9 marocaine. Son action s\u2019appuie sur le partenariat strat\u00e9gique avec le Festival d\u2019Annecy et CITIA, structures de r\u00e9f\u00e9rence mondiale dans l\u2019animation, confirmant la volont\u00e9 commune de donner une visibilit\u00e9 internationale aux productions marocaines.&nbsp;<\/p>\n\n\n\n<p>Le panel offre une vitrine \u00e0 plusieurs productions phares qui incarnent la vitalit\u00e9 et la diversit\u00e9 de l\u2019animation marocaine. Parmi elles,&nbsp;figurent&nbsp;\u00abTourat Al Maghreb\u00bb&nbsp;et&nbsp;\u00abLes Marocains du ciel\u00bb, deux cr\u00e9ations sign\u00e9es Artcoustic Studios qui revisitent le patrimoine national \u00e0 travers une \u00e9criture visuelle contemporaine. Le court m\u00e9trage&nbsp;\u00abHarun&nbsp;&amp;Mamun\u00bb, r\u00e9alis\u00e9 par Jihane Joypaul, met en avant une approche artisanale et po\u00e9tique du stop-motion, tandis que&nbsp;\u00abL\u2019Ombre des papillons\u00bb&nbsp;de Sofia El Khiyari d\u00e9ploie un univers sensible et onirique d\u00e9j\u00e0 reconnu sur la sc\u00e8ne internationale. Ensemble, ces \u0153uvres traduisent la richesse d\u2019un imaginaire puisant dans les racines culturelles marocaines tout en affirmant une port\u00e9e universelle capable de s\u00e9duire un public global.<\/p>\n\n\n\n<p>Cette participation, appuy\u00e9e par le Festival d\u2019Annecy, le CCM et CITIA, confirme l\u2019ancrage du Maroc dans l\u2019\u00e9cosyst\u00e8me international du cin\u00e9ma d\u2019animation. Elle refl\u00e8te \u00e9galement la volont\u00e9 du pays de valoriser sa cr\u00e9ativit\u00e9 culturelle et de contribuer aux grands r\u00e9cits visuels globaux.<\/p>\n\n\n\n<p>Au-del\u00e0 de la visibilit\u00e9 offerte, la pr\u00e9sence marocaine \u00e0 la Biennale ouvre des perspectives concr\u00e8tes de partenariats avec des producteurs, distributeurs et plateformes internationales. Elle t\u00e9moigne de la vitalit\u00e9 d\u2019un secteur qui aspire \u00e0 devenir un moteur culturel et \u00e9conomique.&nbsp;Avec ce panel in\u00e9dit, le Maroc signe ainsi une premi\u00e8re historique et s\u2019affirme comme un acteur appel\u00e9 \u00e0 compter dans l\u2019univers de l\u2019animation mondiale.<\/p>\n","protected":false},"excerpt":{"rendered":"<p>Pour la premi\u00e8re fois, l\u2019animation marocaine est mise \u00e0 l\u2019honneur sur la sc\u00e8ne internationale \u00e0 travers un panel d\u00e9di\u00e9,&nbsp;organis\u00e9 dans le cadre prestigieux de la Biennale de Venise&nbsp;(Italie). Cette initiative est port\u00e9e par le Centre Cin\u00e9matographique Marocain (CCM) avec le soutien du Festival d\u2019Annecy et de CITIA&nbsp;(structure organisatrice du Festival international du film d\u2019animation d\u2019Annecy)&nbsp;et &hellip;<\/p>\n","protected":false},"author":9,"featured_media":37974,"comment_status":"open","ping_status":"closed","sticky":false,"template":"","format":"standard","meta":{"footnotes":""},"categories":[149],"tags":[],"class_list":["post-37979","post","type-post","status-publish","format-standard","has-post-thumbnail","hentry","category-art"],"_links":{"self":[{"href":"https:\/\/letempsmag.ma\/index.php?rest_route=\/wp\/v2\/posts\/37979","targetHints":{"allow":["GET"]}}],"collection":[{"href":"https:\/\/letempsmag.ma\/index.php?rest_route=\/wp\/v2\/posts"}],"about":[{"href":"https:\/\/letempsmag.ma\/index.php?rest_route=\/wp\/v2\/types\/post"}],"author":[{"embeddable":true,"href":"https:\/\/letempsmag.ma\/index.php?rest_route=\/wp\/v2\/users\/9"}],"replies":[{"embeddable":true,"href":"https:\/\/letempsmag.ma\/index.php?rest_route=%2Fwp%2Fv2%2Fcomments&post=37979"}],"version-history":[{"count":1,"href":"https:\/\/letempsmag.ma\/index.php?rest_route=\/wp\/v2\/posts\/37979\/revisions"}],"predecessor-version":[{"id":37980,"href":"https:\/\/letempsmag.ma\/index.php?rest_route=\/wp\/v2\/posts\/37979\/revisions\/37980"}],"wp:featuredmedia":[{"embeddable":true,"href":"https:\/\/letempsmag.ma\/index.php?rest_route=\/wp\/v2\/media\/37974"}],"wp:attachment":[{"href":"https:\/\/letempsmag.ma\/index.php?rest_route=%2Fwp%2Fv2%2Fmedia&parent=37979"}],"wp:term":[{"taxonomy":"category","embeddable":true,"href":"https:\/\/letempsmag.ma\/index.php?rest_route=%2Fwp%2Fv2%2Fcategories&post=37979"},{"taxonomy":"post_tag","embeddable":true,"href":"https:\/\/letempsmag.ma\/index.php?rest_route=%2Fwp%2Fv2%2Ftags&post=37979"}],"curies":[{"name":"wp","href":"https:\/\/api.w.org\/{rel}","templated":true}]}}