{"id":37909,"date":"2025-09-03T11:21:13","date_gmt":"2025-09-03T10:21:13","guid":{"rendered":"https:\/\/letempsmag.ma\/?p=37909"},"modified":"2025-09-03T11:21:13","modified_gmt":"2025-09-03T10:21:13","slug":"le-bien-etre-equin-et-les-pratiques-equestres-au-coeur-du-salon-du-cheval-del-jadida","status":"publish","type":"post","link":"https:\/\/letempsmag.ma\/?p=37909","title":{"rendered":"Le bien-\u00eatre \u00e9quin et les pratiques \u00e9questres au c\u0153ur du Salon du Cheval d\u2019El Jadida"},"content":{"rendered":"\n<p>Le rideau va bient\u00f4t se lever sur une nouvelle \u00e9dition du Salon du Cheval d\u2019El Jadida. \u00c0 l\u2019ombre des tribunes, sur les pistes sablonneuses du Parc des Expositions Mohammed VI d\u2019El Jadida, la magie \u00e9questre op\u00e9rera de nouveau&nbsp;! Du 30 septembre au 5 octobre prochains, la ville accueillera ainsi la 16<sup>\u00e8me<\/sup> \u00e9dition du Salon du Cheval, \u00e9v\u00e9nement \u00e9questre majeur plac\u00e9 sous le haut patronage de S.M. le Roi Mohammed VI. Organis\u00e9 par l\u2019Association du Salon du Cheval, ce rendez-vous incontournable confirme son positionnement en tant que plateforme de r\u00e9f\u00e9rence pour la promotion du patrimoine \u00e9questre marocain, la valorisation des m\u00e9tiers du cheval et le dialogue autour des grands enjeux de la fili\u00e8re \u00e9quine.&nbsp;<\/p>\n\n\n\n<p>Pour cette \u00e9dition 2025, le th\u00e8me retenu sera \u00abLe bien-\u00eatre du cheval, trait d\u2019union entre les pratiques \u00e9questres\u00bb. Un th\u00e8me qui donne le ton d\u2019une r\u00e9flexion profonde et collective sur la mani\u00e8re d\u2019inscrire l\u2019\u00e9volution de la fili\u00e8re dans une dynamique responsable et durable. En mettant en lumi\u00e8re les conditions d\u2019h\u00e9bergement, d\u2019\u00e9levage, de soins et d\u2019utilisation du cheval, le Salon entend f\u00e9d\u00e9rer l\u2019ensemble des acteurs autour d\u2019une ambition commune\u202f&nbsp;: conjuguer excellence, tradition et \u00e9thique dans toutes les disciplines \u00e9questres. Ce th\u00e8me traduit \u00e9galement une prise de conscience croissante, \u00e0 l\u2019\u00e9chelle nationale comme internationale, de l\u2019importance de replacer le cheval au c\u0153ur des pratiques \u00e9questres. Qu\u2019il s\u2019agisse de comp\u00e9tition, de spectacle, de reproduction ou de loisirs, le bien-\u00eatre \u00e9quin devient un crit\u00e8re d\u00e9terminant, aussi bien pour les professionnels que pour le grand public.&nbsp;<\/p>\n\n\n\n<p>Comme chaque ann\u00e9e, le Salon proposera une programmation vari\u00e9e, structur\u00e9e autour de comp\u00e9titions \u00e9questres de haut niveau, de spectacles artistiques, de conf\u00e9rences th\u00e9matiques et d\u2019activit\u00e9s \u00e9ducatives. Au-del\u00e0 des comp\u00e9titions, le Salon proposera une riche programmation culturelle, scientifique et p\u00e9dagogique. Des conf\u00e9rences anim\u00e9es par des experts marocains et internationaux aborderont des sujets en relation.<\/p>\n\n\n\n<p>Une journ\u00e9e \u00e9conomique, organis\u00e9e en partenariat avec la Conf\u00e9d\u00e9ration G\u00e9n\u00e9rale des Entreprises du Maroc (CGEM), enrichira les \u00e9changes et les perspectives. Ces rencontres permettront aux professionnels de d\u00e9couvrir les derni\u00e8res avanc\u00e9es en mati\u00e8re de technologies, de gestion durable et de partenariats internationaux.&nbsp;<\/p>\n\n\n\n<p>Le public sera pleinement au c\u0153ur de l\u2019exp\u00e9rience immersive propos\u00e9e par le Salon avec cette \u00e9dition 2025 qui innove en pr\u00e9sentant, pour la premi\u00e8re fois, trois soir\u00e9es de spectacles in\u00e9dits venant sublimer l\u2019\u00e9v\u00e9nement. Tout au long de la semaine, les visiteurs auront l\u2019occasion d\u2019assister \u00e0 des spectacles \u00e9questres de grande qualit\u00e9, r\u00e9unissant troupes marocaines et internationales dans une mise en sc\u00e8ne \u00e0 la fois riche et captivante. Parall\u00e8lement, un espace enti\u00e8rement pens\u00e9 pour les enfants offrira aux plus jeunes une d\u00e9couverte ludique et immersive du monde \u00e9questre. Ateliers p\u00e9dagogiques, animations interactives, d\u00e9monstrations encadr\u00e9es et initiations \u00e0 la relation avec le cheval seront au programme, dans un cadre s\u00e9curis\u00e9, stimulant et propice \u00e0 l\u2019\u00e9veil.<\/p>\n\n\n\n<p>Le Salon du Cheval d\u2019El Jadida accorde une attention particuli\u00e8re \u00e0 la repr\u00e9sentation des diff\u00e9rentes r\u00e9gions du Maroc, affirmant ainsi son engagement au service de la pr\u00e9servation et de la valorisation de l\u2019h\u00e9ritage \u00e9questre du Royaume. Un espace d\u00e9di\u00e9, le Stand des R\u00e9gions, illustre cette ambition. Ce stand est con\u00e7u et anim\u00e9 par les parties prenantes r\u00e9gionales elles-m\u00eames. Il offre une plateforme de mise en valeur du riche patrimoine culturel li\u00e9 au cheval et aux traditions \u00e9questres propres \u00e0 chaque r\u00e9gion. Les visiteurs peuvent y d\u00e9couvrir une diversit\u00e9 de produits traditionnels : tenues, selles, brides, \u00e9triers et autres \u00e9quipements \u00e9questres, v\u00e9ritables t\u00e9moins d\u2019un artisanat authentique et du savoir-faire marocain.<\/p>\n\n\n\n<p>Le Salon proposera \u00e9galement un espace professionnel, o\u00f9 seront repr\u00e9sent\u00e9s les diff\u00e9rents maillons de la fili\u00e8re \u00e9quine\u202f&nbsp;: artisans selliers, fabricants d\u2019\u00e9quipements, \u00e9leveurs, coop\u00e9ratives, centres de soins, nutritionnistes, start-ups innovantes&#8230; Ce p\u00f4le servira de levier \u00e0 la fois \u00e9conomique et relationnel, favorisant les \u00e9changes entre professionnels, les rencontres B2B et la d\u00e9couverte de solutions techniques adapt\u00e9es aux besoins du secteur.&nbsp;<\/p>\n\n\n\n<p>Port\u00e9 depuis sa cr\u00e9ation en 2008 par l\u2019Association du Salon du Cheval, sous la pr\u00e9sidence de Charif Moulay Abdallah Alaoui, l\u2019\u00e9v\u00e9nement ne cesse de renforcer son rayonnement national et international. En 16 \u00e9ditions, il s\u2019est impos\u00e9 comme un acteur structurant du d\u00e9veloppement de la fili\u00e8re \u00e9quine au Maroc, tout en contribuant activement \u00e0 la pr\u00e9servation du patrimoine culturel et des traditions \u00e9questres du Royaume.<\/p>\n\n\n\n<p><strong><em>\u00c0 propos de l&#8217;Association du Salon du Cheval<\/em><\/strong><\/p>\n\n\n\n<p>Cr\u00e9\u00e9e le 20 mai 2008 sur hautes instructions Royales, l\u2019Association du Salon du Cheval est r\u00e9gie par les dispositions du Dahir \u00ab1-58-376\u00bb du 3 Joumada I 1378 (15 novembre 1958) r\u00e9glementant le droit d\u2019Association. Elle a \u00e9t\u00e9 reconnue d\u2019utilit\u00e9 publique en 2010 par le d\u00e9cret \u00ab2-10-505\u00bb et est pr\u00e9sid\u00e9e par Charif Moulay Abdallah Alaoui.<\/p>\n\n\n\n<p>L\u2019Association a pour missions&nbsp;:&nbsp;<\/p>\n\n\n\n<p>&#8211; Organiser le Salon du Cheval d\u2019El Jadida.<\/p>\n\n\n\n<p>&#8211; \u0152uvrer \u00e0 l\u2019instauration de canaux de coop\u00e9ration, d\u2019association et de communication avec les institutions gouvernementales, le secteur priv\u00e9, la soci\u00e9t\u00e9 civile et les salons similaires au Maroc et \u00e0 l\u2019\u00e9tranger.<\/p>\n\n\n\n<p>&#8211; Encourager toute activit\u00e9 visant le d\u00e9veloppement et la promotion de la fili\u00e8re \u00e9quine pour en particulier le d\u00e9veloppement socio-\u00e9conomique du monde rural.<\/p>\n\n\n\n<p>&#8211; Mettre en valeur le riche patrimoine culturel national li\u00e9 au cheval ainsi que les traditions \u00e9questres du Royaume.<\/p>\n\n\n\n<p>&#8211; Encourager le d\u00e9veloppement des m\u00e9tiers du cheval.<\/p>\n","protected":false},"excerpt":{"rendered":"<p>Le rideau va bient\u00f4t se lever sur une nouvelle \u00e9dition du Salon du Cheval d\u2019El Jadida. \u00c0 l\u2019ombre des tribunes, sur les pistes sablonneuses du Parc des Expositions Mohammed VI d\u2019El Jadida, la magie \u00e9questre op\u00e9rera de nouveau&nbsp;! Du 30 septembre au 5 octobre prochains, la ville accueillera ainsi la 16\u00e8me \u00e9dition du Salon du &hellip;<\/p>\n","protected":false},"author":9,"featured_media":37897,"comment_status":"open","ping_status":"closed","sticky":false,"template":"","format":"standard","meta":{"footnotes":""},"categories":[56],"tags":[],"class_list":["post-37909","post","type-post","status-publish","format-standard","has-post-thumbnail","hentry","category-patrimoine"],"_links":{"self":[{"href":"https:\/\/letempsmag.ma\/index.php?rest_route=\/wp\/v2\/posts\/37909","targetHints":{"allow":["GET"]}}],"collection":[{"href":"https:\/\/letempsmag.ma\/index.php?rest_route=\/wp\/v2\/posts"}],"about":[{"href":"https:\/\/letempsmag.ma\/index.php?rest_route=\/wp\/v2\/types\/post"}],"author":[{"embeddable":true,"href":"https:\/\/letempsmag.ma\/index.php?rest_route=\/wp\/v2\/users\/9"}],"replies":[{"embeddable":true,"href":"https:\/\/letempsmag.ma\/index.php?rest_route=%2Fwp%2Fv2%2Fcomments&post=37909"}],"version-history":[{"count":1,"href":"https:\/\/letempsmag.ma\/index.php?rest_route=\/wp\/v2\/posts\/37909\/revisions"}],"predecessor-version":[{"id":37910,"href":"https:\/\/letempsmag.ma\/index.php?rest_route=\/wp\/v2\/posts\/37909\/revisions\/37910"}],"wp:featuredmedia":[{"embeddable":true,"href":"https:\/\/letempsmag.ma\/index.php?rest_route=\/wp\/v2\/media\/37897"}],"wp:attachment":[{"href":"https:\/\/letempsmag.ma\/index.php?rest_route=%2Fwp%2Fv2%2Fmedia&parent=37909"}],"wp:term":[{"taxonomy":"category","embeddable":true,"href":"https:\/\/letempsmag.ma\/index.php?rest_route=%2Fwp%2Fv2%2Fcategories&post=37909"},{"taxonomy":"post_tag","embeddable":true,"href":"https:\/\/letempsmag.ma\/index.php?rest_route=%2Fwp%2Fv2%2Ftags&post=37909"}],"curies":[{"name":"wp","href":"https:\/\/api.w.org\/{rel}","templated":true}]}}