{"id":37907,"date":"2025-09-03T11:20:15","date_gmt":"2025-09-03T10:20:15","guid":{"rendered":"https:\/\/letempsmag.ma\/?p=37907"},"modified":"2025-09-03T11:20:15","modified_gmt":"2025-09-03T10:20:15","slug":"le-festival-moga-revient-a-essaouira-avec-une-programmation-grisante","status":"publish","type":"post","link":"https:\/\/letempsmag.ma\/?p=37907","title":{"rendered":"Le Festival MOGA revient \u00e0 Essaouira avec une programmation grisante"},"content":{"rendered":"\n<p>Le festival le plus attendu de l\u2019automne au Maroc vient de d\u00e9voiler son line-up et invite \u00e0 prolonger l\u2019\u00e9t\u00e9 \u00e0 Essaouira. L\u2019\u00e9dition 2025 pr\u00e9voit 16.000 festivaliers sur 5 jours, dont 30% des seront des internationaux.<\/p>\n\n\n\n<p>Des artistes de renomm\u00e9e internationale rejoignent l\u2018affiche grandiose de cette nouvelle \u00e9dition&nbsp;: Bedouin, Moblack, Folamour, Bonobo, Patrick Mason et bien d\u2019autres feront r\u00e9sonner la ville d\u2019Essaouira aux rythmes de la musique \u00e9lectronique.<\/p>\n\n\n\n<p><strong><em>2025 : une ann\u00e9e-cl\u00e9 pour MOGA<\/em><\/strong><\/p>\n\n\n\n<p>MOGA est bien plus qu\u2019un festival. C\u2019est une invitation au voyage, \u00e0 travers une sc\u00e9nographie unique, une identit\u00e9 visuelle inspir\u00e9e de l\u2019Atlantique et du patrimoine marocain et des artistes qui portent haut les couleurs du Royaume. Des talents \u00e9lectro comme Lilya Mandre, Kawtar Sadik ou des musiciens gnaoua comme Saad Tiouly, qui ont fait raisonner la culture marocaine jusqu\u2019au Portugal et en Espagne, seront de la partie.<\/p>\n\n\n\n<p>Pour son retour \u00e0 Essaouira, le festival continue l\u2019\u00e9change et accueillera des artistes espagnols et portugais ainsi que des collectifs internationaux majeurs tels que Saga by Bedouin, Deeproot ou Life &amp; Death, pour offrir des exp\u00e9riences in\u00e9dites \u00e0 la \u00ab#MOGATribe\u00bb.<\/p>\n\n\n\n<p><strong><em>Essaouira, terre d\u2019ancrage de Moga<\/em><\/strong><\/p>\n\n\n\n<p>Essaouira, joyau du littoral marocain, attend les festivaliers pour un bel Indian Summer&nbsp;: plages infinies, soleil, m\u00e9dina class\u00e9e par l\u2019UNESCO, gastronomie locale\u2026 Trois jours de f\u00eate sous les \u00e9toiles pour red\u00e9couvrir la Cit\u00e9 des Aliz\u00e9s autrement, le temps d\u2019un week-end inoubliable.<\/p>\n\n\n\n<p>MOGA retrouvera les ruelles, les remparts et l\u2019\u00e9nergie unique de cette destination pour une \u00e9dition partag\u00e9e entre deux volets&nbsp;:<\/p>\n\n\n\n<p>&#8211; MOGA OFF&nbsp;: les 1 et 2 octobre, la ville accueillera ateliers, concerts, DJ sets, surf, yoga, cin\u00e9ma en plein air et activit\u00e9s culturelles gratuites dans des lieux embl\u00e9matiques de la m\u00e9dina.<\/p>\n\n\n\n<p>&#8211; MOGA IN&nbsp;: les 3, 4 et 5 octobre, le festival r\u00e9investit son cadre embl\u00e9matique \u00e0 l\u2019H\u00f4tel le Golf d\u2019Essaouira &amp; Spa, avec 5 sc\u00e8nes pour une immersion totale au c\u0153ur de la palmeraie.<\/p>\n","protected":false},"excerpt":{"rendered":"<p>Le festival le plus attendu de l\u2019automne au Maroc vient de d\u00e9voiler son line-up et invite \u00e0 prolonger l\u2019\u00e9t\u00e9 \u00e0 Essaouira. L\u2019\u00e9dition 2025 pr\u00e9voit 16.000 festivaliers sur 5 jours, dont 30% des seront des internationaux. Des artistes de renomm\u00e9e internationale rejoignent l\u2018affiche grandiose de cette nouvelle \u00e9dition&nbsp;: Bedouin, Moblack, Folamour, Bonobo, Patrick Mason et bien &hellip;<\/p>\n","protected":false},"author":9,"featured_media":37898,"comment_status":"open","ping_status":"closed","sticky":false,"template":"","format":"standard","meta":{"footnotes":""},"categories":[332],"tags":[],"class_list":["post-37907","post","type-post","status-publish","format-standard","has-post-thumbnail","hentry","category-musique"],"_links":{"self":[{"href":"https:\/\/letempsmag.ma\/index.php?rest_route=\/wp\/v2\/posts\/37907","targetHints":{"allow":["GET"]}}],"collection":[{"href":"https:\/\/letempsmag.ma\/index.php?rest_route=\/wp\/v2\/posts"}],"about":[{"href":"https:\/\/letempsmag.ma\/index.php?rest_route=\/wp\/v2\/types\/post"}],"author":[{"embeddable":true,"href":"https:\/\/letempsmag.ma\/index.php?rest_route=\/wp\/v2\/users\/9"}],"replies":[{"embeddable":true,"href":"https:\/\/letempsmag.ma\/index.php?rest_route=%2Fwp%2Fv2%2Fcomments&post=37907"}],"version-history":[{"count":1,"href":"https:\/\/letempsmag.ma\/index.php?rest_route=\/wp\/v2\/posts\/37907\/revisions"}],"predecessor-version":[{"id":37908,"href":"https:\/\/letempsmag.ma\/index.php?rest_route=\/wp\/v2\/posts\/37907\/revisions\/37908"}],"wp:featuredmedia":[{"embeddable":true,"href":"https:\/\/letempsmag.ma\/index.php?rest_route=\/wp\/v2\/media\/37898"}],"wp:attachment":[{"href":"https:\/\/letempsmag.ma\/index.php?rest_route=%2Fwp%2Fv2%2Fmedia&parent=37907"}],"wp:term":[{"taxonomy":"category","embeddable":true,"href":"https:\/\/letempsmag.ma\/index.php?rest_route=%2Fwp%2Fv2%2Fcategories&post=37907"},{"taxonomy":"post_tag","embeddable":true,"href":"https:\/\/letempsmag.ma\/index.php?rest_route=%2Fwp%2Fv2%2Ftags&post=37907"}],"curies":[{"name":"wp","href":"https:\/\/api.w.org\/{rel}","templated":true}]}}