{"id":37891,"date":"2025-09-02T12:06:05","date_gmt":"2025-09-02T11:06:05","guid":{"rendered":"https:\/\/letempsmag.ma\/?p=37891"},"modified":"2025-09-02T12:06:06","modified_gmt":"2025-09-02T11:06:06","slug":"abdellah-boutrig-expert-militaire-de-haut-vol-nomme-directeur-general-de-la-dgssi","status":"publish","type":"post","link":"https:\/\/letempsmag.ma\/?p=37891","title":{"rendered":"Abdellah Boutrig, expert militaire de haut vol, nomm\u00e9 Directeur G\u00e9n\u00e9ral de la DGSSI"},"content":{"rendered":"\n<p>S.M. le Roi Mohammed VI, Chef supr\u00eame et Chef d\u2019\u00c9tat-Major G\u00e9n\u00e9ral des Forces Arm\u00e9es Royales, a nomm\u00e9 le G\u00e9n\u00e9ral de Brigade Abdellah Boutrig au poste de Directeur G\u00e9n\u00e9ral de la Direction G\u00e9n\u00e9rale de la S\u00e9curit\u00e9 des Syst\u00e8mes d\u2019Information (DGSSI).<\/p>\n\n\n\n<p>Ing\u00e9nieur de formation de l\u2019Institut National de Statistique et d\u2019\u00c9conomie Appliqu\u00e9e (INSEA) et laur\u00e9at de l\u2019Acad\u00e9mie Royale Militaire de Mekn\u00e8s (promotion 1987), le G\u00e9n\u00e9ral de Brigade Abdellah Boutrig est \u00e9galement titulaire du dipl\u00f4me du cours d\u2019\u00c9tat-Major, du Cours Sup\u00e9rieur de D\u00e9fense, ainsi que d\u2019un Master en s\u00e9curit\u00e9 et d\u00e9fense du Coll\u00e8ge Royal des \u00c9tudes Militaires Sup\u00e9rieures.<\/p>\n\n\n\n<p>Au cours de sa carri\u00e8re, le haut responsable militaire a occup\u00e9 plusieurs postes de responsabilit\u00e9, notamment celui de Directeur de l\u2019Assistance, de la Formation, du Contr\u00f4le et de l\u2019Expertise \u00e0 la DGSSI, avant d\u2019exercer les fonctions d\u2019Inspecteur Adjoint des Transmissions des Forces Arm\u00e9es Royales.<\/p>\n\n\n\n<p>Au cours des derniers mois, plusieurs sites officiels marocains ont \u00e9t\u00e9 attaqu\u00e9s. Le Royaume \u0153uvre ainsi \u00e0 renforcer sa d\u00e9fense \u00e9lectronique et \u00e0 consolider la protection du cyberespace national, enjeu de souverainet\u00e9.<\/p>\n","protected":false},"excerpt":{"rendered":"<p>S.M. le Roi Mohammed VI, Chef supr\u00eame et Chef d\u2019\u00c9tat-Major G\u00e9n\u00e9ral des Forces Arm\u00e9es Royales, a nomm\u00e9 le G\u00e9n\u00e9ral de Brigade Abdellah Boutrig au poste de Directeur G\u00e9n\u00e9ral de la Direction G\u00e9n\u00e9rale de la S\u00e9curit\u00e9 des Syst\u00e8mes d\u2019Information (DGSSI). Ing\u00e9nieur de formation de l\u2019Institut National de Statistique et d\u2019\u00c9conomie Appliqu\u00e9e (INSEA) et laur\u00e9at de l\u2019Acad\u00e9mie &hellip;<\/p>\n","protected":false},"author":9,"featured_media":37873,"comment_status":"open","ping_status":"closed","sticky":false,"template":"","format":"standard","meta":{"footnotes":""},"categories":[1298],"tags":[],"class_list":["post-37891","post","type-post","status-publish","format-standard","has-post-thumbnail","hentry","category-cybersecurite"],"_links":{"self":[{"href":"https:\/\/letempsmag.ma\/index.php?rest_route=\/wp\/v2\/posts\/37891","targetHints":{"allow":["GET"]}}],"collection":[{"href":"https:\/\/letempsmag.ma\/index.php?rest_route=\/wp\/v2\/posts"}],"about":[{"href":"https:\/\/letempsmag.ma\/index.php?rest_route=\/wp\/v2\/types\/post"}],"author":[{"embeddable":true,"href":"https:\/\/letempsmag.ma\/index.php?rest_route=\/wp\/v2\/users\/9"}],"replies":[{"embeddable":true,"href":"https:\/\/letempsmag.ma\/index.php?rest_route=%2Fwp%2Fv2%2Fcomments&post=37891"}],"version-history":[{"count":1,"href":"https:\/\/letempsmag.ma\/index.php?rest_route=\/wp\/v2\/posts\/37891\/revisions"}],"predecessor-version":[{"id":37892,"href":"https:\/\/letempsmag.ma\/index.php?rest_route=\/wp\/v2\/posts\/37891\/revisions\/37892"}],"wp:featuredmedia":[{"embeddable":true,"href":"https:\/\/letempsmag.ma\/index.php?rest_route=\/wp\/v2\/media\/37873"}],"wp:attachment":[{"href":"https:\/\/letempsmag.ma\/index.php?rest_route=%2Fwp%2Fv2%2Fmedia&parent=37891"}],"wp:term":[{"taxonomy":"category","embeddable":true,"href":"https:\/\/letempsmag.ma\/index.php?rest_route=%2Fwp%2Fv2%2Fcategories&post=37891"},{"taxonomy":"post_tag","embeddable":true,"href":"https:\/\/letempsmag.ma\/index.php?rest_route=%2Fwp%2Fv2%2Ftags&post=37891"}],"curies":[{"name":"wp","href":"https:\/\/api.w.org\/{rel}","templated":true}]}}