{"id":37885,"date":"2025-09-02T12:03:38","date_gmt":"2025-09-02T11:03:38","guid":{"rendered":"https:\/\/letempsmag.ma\/?p=37885"},"modified":"2025-09-02T12:03:39","modified_gmt":"2025-09-02T11:03:39","slug":"atlas-programs-en-orbite-dans-le-cadre-du-festival-international-du-film-de-marrakech","status":"publish","type":"post","link":"https:\/\/letempsmag.ma\/?p=37885","title":{"rendered":"\u00abAtlas Programs\u00bb en orbite dans le cadre du Festival International du Film de Marrakech"},"content":{"rendered":"\n<p>Le Festival International du Film de Marrakech (FIFM) annonce la cr\u00e9ation d\u2019\u00abAtlas Programs\u00bb, une nouvelle banni\u00e8re regroupant toutes les initiatives professionnelles port\u00e9es par la Fondation du Festival. Cette appellation unifi\u00e9e traduit la volont\u00e9 du Festival de renforcer son engagement en faveur du cin\u00e9ma marocain, arabe et africain, en structurant de mani\u00e8re \u00ablisible et coh\u00e9rente\u00bb l\u2019ensemble de ses dispositifs d\u2019accompagnement et de soutien \u00e0 la nouvelle g\u00e9n\u00e9ration de cin\u00e9astes et producteurs marocains, arabes et africains, pr\u00e9cise un communiqu\u00e9 des organisateurs.<\/p>\n\n\n\n<p>\u00abAtlas Programs\u00bb s\u2019articule autour de quatre piliers compl\u00e9mentaires, indique le communiqu\u00e9, citant \u00e0 cet effet les \u00abAteliers de l\u2019Atlas\u00bb, lanc\u00e9s en 2018, qui restent le c\u0153ur historique de l\u2019\u00e9v\u00e9nement. Autour de ce socle central, plusieurs programmes ont vu le jour au fil des \u00e9ditions et seront d\u00e9sormais pleinement int\u00e9gr\u00e9s sous l\u2019appellation \u00abAtlas Programs\u00bb. C\u2019est le cas d\u2019\u00abAtlas Station\u00bb, lanc\u00e9 en 2023, qui propose \u00e0 dix professionnels marocains, r\u00e9alisateurs ou producteurs, un accompagnement destin\u00e9 \u00e0 renforcer leurs comp\u00e9tences et \u00e0 ouvrir leurs projets \u00e0 l\u2019international.<\/p>\n\n\n\n<p>La distribution est \u00e9galement devenue un axe prioritaire du Festival. \u00c0 travers \u00abAtlas Distribution\u00bb, le Festival a mis en place un dispositif unique dans la r\u00e9gion, qui encourage la circulation des films marocains, arabes et africains aupr\u00e8s de nouveaux publics, poursuit le communiqu\u00e9.<\/p>\n\n\n\n<p>Enfin, le programme \u00abAtlas Press\u00bb, lanc\u00e9 en 2024, a pour ambition de renforcer la culture de la critique de cin\u00e9ma au Maroc et se d\u00e9cline en deux volets compl\u00e9mentaires. Le premier s\u2019adresse \u00e0 des journalistes en activit\u00e9 au Maroc, qui b\u00e9n\u00e9ficient d\u2019un atelier de perfectionnement anim\u00e9 par un expert, tandis que le second, con\u00e7u pour les \u00e9tudiants, vise \u00e0 susciter des vocations en formant une nouvelle g\u00e9n\u00e9ration de critiques capables d\u2019accompagner le dynamisme du cin\u00e9ma local.<\/p>\n\n\n\n<p>\u00c0 travers \u00abAtlas Programs\u00bb, le FIFM affirme sa volont\u00e9 d\u2019offrir une plateforme structurante et \u00e9volutive \u00e0 destination des professionnels de la r\u00e9gion, en couvrant l\u2019ensemble de la cha\u00eene de cr\u00e9ation et de diffusion, de l\u2019\u00e9criture \u00e0 la critique.<\/p>\n","protected":false},"excerpt":{"rendered":"<p>Le Festival International du Film de Marrakech (FIFM) annonce la cr\u00e9ation d\u2019\u00abAtlas Programs\u00bb, une nouvelle banni\u00e8re regroupant toutes les initiatives professionnelles port\u00e9es par la Fondation du Festival. Cette appellation unifi\u00e9e traduit la volont\u00e9 du Festival de renforcer son engagement en faveur du cin\u00e9ma marocain, arabe et africain, en structurant de mani\u00e8re \u00ablisible et coh\u00e9rente\u00bb l\u2019ensemble &hellip;<\/p>\n","protected":false},"author":9,"featured_media":37878,"comment_status":"open","ping_status":"closed","sticky":false,"template":"","format":"standard","meta":{"footnotes":""},"categories":[273],"tags":[],"class_list":["post-37885","post","type-post","status-publish","format-standard","has-post-thumbnail","hentry","category-cinema-2"],"_links":{"self":[{"href":"https:\/\/letempsmag.ma\/index.php?rest_route=\/wp\/v2\/posts\/37885","targetHints":{"allow":["GET"]}}],"collection":[{"href":"https:\/\/letempsmag.ma\/index.php?rest_route=\/wp\/v2\/posts"}],"about":[{"href":"https:\/\/letempsmag.ma\/index.php?rest_route=\/wp\/v2\/types\/post"}],"author":[{"embeddable":true,"href":"https:\/\/letempsmag.ma\/index.php?rest_route=\/wp\/v2\/users\/9"}],"replies":[{"embeddable":true,"href":"https:\/\/letempsmag.ma\/index.php?rest_route=%2Fwp%2Fv2%2Fcomments&post=37885"}],"version-history":[{"count":1,"href":"https:\/\/letempsmag.ma\/index.php?rest_route=\/wp\/v2\/posts\/37885\/revisions"}],"predecessor-version":[{"id":37886,"href":"https:\/\/letempsmag.ma\/index.php?rest_route=\/wp\/v2\/posts\/37885\/revisions\/37886"}],"wp:featuredmedia":[{"embeddable":true,"href":"https:\/\/letempsmag.ma\/index.php?rest_route=\/wp\/v2\/media\/37878"}],"wp:attachment":[{"href":"https:\/\/letempsmag.ma\/index.php?rest_route=%2Fwp%2Fv2%2Fmedia&parent=37885"}],"wp:term":[{"taxonomy":"category","embeddable":true,"href":"https:\/\/letempsmag.ma\/index.php?rest_route=%2Fwp%2Fv2%2Fcategories&post=37885"},{"taxonomy":"post_tag","embeddable":true,"href":"https:\/\/letempsmag.ma\/index.php?rest_route=%2Fwp%2Fv2%2Ftags&post=37885"}],"curies":[{"name":"wp","href":"https:\/\/api.w.org\/{rel}","templated":true}]}}