{"id":37881,"date":"2025-09-02T12:01:38","date_gmt":"2025-09-02T11:01:38","guid":{"rendered":"https:\/\/letempsmag.ma\/?p=37881"},"modified":"2025-09-02T12:52:29","modified_gmt":"2025-09-02T11:52:29","slug":"le-createur-franco-marocain-alexandre-ligios-instille-laudace-dans-lartisanat","status":"publish","type":"post","link":"https:\/\/letempsmag.ma\/?p=37881","title":{"rendered":"Le cr\u00e9ateur Alexandre Ligios instille l\u2019audace dans l\u2019artisanat"},"content":{"rendered":"\n<p>Le designer de mobilier Alexandre Ligios, connu pour son approche sculpturale de l\u2019assise, pr\u00e9sente sa derni\u00e8re cr\u00e9ation&nbsp;: le fauteuil \u00abTeddy\u00bb, une pi\u00e8ce sculpturale n\u00e9e d\u2019un tissu, d\u2019une \u00e9motion et d\u2019un hommage au geste artisanal marocain.&nbsp;<\/p>\n\n\n\n<p><strong><em>Une \u00e9vidence n\u00e9e de la mati\u00e8re<\/em><\/strong><\/p>\n\n\n\n<p>\u00c0 l\u2019origine du \u00abTeddy\u00bb, une r\u00e9v\u00e9lation textile. \u00abTout est parti du tissu. Lorsque j\u2019ai d\u00e9couvert le tissu Samy dans sa teinte \u00abMordor\u00bb chez Casamance, j\u2019ai imm\u00e9diatement pens\u00e9 \u00e0 un ours. Ce tissu m\u2019a inspir\u00e9 un fauteuil r\u00e9confortant, protecteur, un peu comme un cocon\u00bb, explique Alexandre Ligios. Cette inspiration initiale a donn\u00e9 naissance \u00e0 un fauteuil aux formes douces et g\u00e9n\u00e9reuses, dont le nom sonne comme une \u00e9vidence. Avec sa silhouette enveloppante, le Teddy incarne une promesse de confort absolu, sans jamais faire de compromis sur la signature design qui caract\u00e9rise le travail d\u2019Alexandre Ligios.<\/p>\n\n\n\n<p><strong><em>L\u2019artisanat marocain au c\u0153ur de la cr\u00e9ation<\/em><\/strong><\/p>\n\n\n\n<p>Plus qu\u2019un simple objet, le \u00abTeddy\u00bb est le fruit d\u2019une collaboration et d\u2019une fusion des savoir-faire. Sa structure robuste en m\u00e9tal et bois massif est adoucie par des mousses denses, avant d\u2019\u00eatre sublim\u00e9e par un travail artisanal de haute pr\u00e9cision. Le fauteuil est le fruit d\u2019une collaboration \u00e9troite avec un ma\u00eetre tapissier marocain dont le savoir-faire exceptionnel a r\u00e9ellement orient\u00e9 et guid\u00e9 la cr\u00e9ation. C\u2019est un hommage vibrant \u00e0 l\u2019intelligence de la main, un dialogue entre la vision contemporaine du designer et l\u2019excellence d\u2019un geste ancestral.<\/p>\n\n\n\n<p><strong><em>Un design universel et iconique<\/em><\/strong><\/p>\n\n\n\n<p>Imposant, confortable et r\u00e9solument design, le \u00abTeddy\u00bb est une pi\u00e8ce hybride con\u00e7ue pour traverser les styles et les espaces. D\u2019une chambre d\u2019enfant \u00e0 un chalet \u00e0 Courchevel, d\u2019un salon contemporain \u00e0 un lobby d\u2019h\u00f4tel, sa personnalit\u00e9 forte et attachante lui permet de s\u2019int\u00e9grer dans tous les d\u00e9cors, qu\u2019ils soient priv\u00e9s ou commerciaux. \u00abC\u2019est une pi\u00e8ce \u00e0 la fois affective, forte et expressive\u00bb, insiste Alexandre Ligios.<\/p>\n\n\n\n<p><strong><em>D\u00e9couvrir le fauteuil \u00abTeddy\u00bb<\/em><\/strong><\/p>\n\n\n\n<p>Le fauteuil \u00abTeddy\u00bb est disponible en pr\u00e9commande et sera accompagn\u00e9 d\u2019une d\u00e9clinaison de plusieurs tissus et coloris, notamment des velours et des palettes vibrantes, distribu\u00e9s dans l\u2019ensemble du r\u00e9seau d\u2019Alexandre Ligios. Un fauteuil \u00e0 adopter, une \u00e9motion \u00e0 vivre.<\/p>\n\n\n\n<p><strong><em>\u00c0 propos d\u2019Alexandre Ligios<\/em><\/strong><\/p>\n\n\n\n<p>Cr\u00e9ateur de mobilier au regard sculptural, Alexandre Ligios red\u00e9finit l\u2019assise comme un objet d\u2019art. Entre Paris, Marrakech et New York, il compose un univers sensible, urbain, \u00e9l\u00e9gant. Fruit d\u2019une ma\u00eetrise du cuir, du bois et du velours, chacune de ses pi\u00e8ces raconte une histoire, \u00e0 la crois\u00e9e du design contemporain et du luxe \u00e9motionnel. Attach\u00e9 aux savoir-faire, il collabore avec des artisans d\u2019exception, notamment au Maroc, o\u00f9 son empreinte artistique continue de se d\u00e9velopper.<\/p>\n","protected":false},"excerpt":{"rendered":"<p>Le designer de mobilier Alexandre Ligios, connu pour son approche sculpturale de l\u2019assise, pr\u00e9sente sa derni\u00e8re cr\u00e9ation&nbsp;: le fauteuil \u00abTeddy\u00bb, une pi\u00e8ce sculpturale n\u00e9e d\u2019un tissu, d\u2019une \u00e9motion et d\u2019un hommage au geste artisanal marocain.&nbsp; Une \u00e9vidence n\u00e9e de la mati\u00e8re \u00c0 l\u2019origine du \u00abTeddy\u00bb, une r\u00e9v\u00e9lation textile. \u00abTout est parti du tissu. Lorsque j\u2019ai &hellip;<\/p>\n","protected":false},"author":9,"featured_media":37876,"comment_status":"open","ping_status":"closed","sticky":false,"template":"","format":"standard","meta":{"footnotes":""},"categories":[225],"tags":[],"class_list":["post-37881","post","type-post","status-publish","format-standard","has-post-thumbnail","hentry","category-design"],"_links":{"self":[{"href":"https:\/\/letempsmag.ma\/index.php?rest_route=\/wp\/v2\/posts\/37881","targetHints":{"allow":["GET"]}}],"collection":[{"href":"https:\/\/letempsmag.ma\/index.php?rest_route=\/wp\/v2\/posts"}],"about":[{"href":"https:\/\/letempsmag.ma\/index.php?rest_route=\/wp\/v2\/types\/post"}],"author":[{"embeddable":true,"href":"https:\/\/letempsmag.ma\/index.php?rest_route=\/wp\/v2\/users\/9"}],"replies":[{"embeddable":true,"href":"https:\/\/letempsmag.ma\/index.php?rest_route=%2Fwp%2Fv2%2Fcomments&post=37881"}],"version-history":[{"count":3,"href":"https:\/\/letempsmag.ma\/index.php?rest_route=\/wp\/v2\/posts\/37881\/revisions"}],"predecessor-version":[{"id":37894,"href":"https:\/\/letempsmag.ma\/index.php?rest_route=\/wp\/v2\/posts\/37881\/revisions\/37894"}],"wp:featuredmedia":[{"embeddable":true,"href":"https:\/\/letempsmag.ma\/index.php?rest_route=\/wp\/v2\/media\/37876"}],"wp:attachment":[{"href":"https:\/\/letempsmag.ma\/index.php?rest_route=%2Fwp%2Fv2%2Fmedia&parent=37881"}],"wp:term":[{"taxonomy":"category","embeddable":true,"href":"https:\/\/letempsmag.ma\/index.php?rest_route=%2Fwp%2Fv2%2Fcategories&post=37881"},{"taxonomy":"post_tag","embeddable":true,"href":"https:\/\/letempsmag.ma\/index.php?rest_route=%2Fwp%2Fv2%2Ftags&post=37881"}],"curies":[{"name":"wp","href":"https:\/\/api.w.org\/{rel}","templated":true}]}}