{"id":37656,"date":"2025-08-20T02:03:11","date_gmt":"2025-08-20T01:03:11","guid":{"rendered":"https:\/\/letempsmag.ma\/?p=37656"},"modified":"2025-08-20T02:03:11","modified_gmt":"2025-08-20T01:03:11","slug":"le-maroc-commemore-aujourdhui-le-72eme-anniversaire-de-la-revolution-du-roi-et-du-peuple","status":"publish","type":"post","link":"https:\/\/letempsmag.ma\/?p=37656","title":{"rendered":"Le Maroc comm\u00e9more aujourd\u2019hui le 72\u00e8me anniversaire de la R\u00e9volution du Roi et du Peuple"},"content":{"rendered":"\n<p>La c\u00e9l\u00e9bration, ce mercredi 20 ao\u00fbt 2025, du 72<sup>\u00e8me<\/sup> anniversaire de la R\u00e9volution du Roi et du Peuple est l\u2019occasion annuelle de se rem\u00e9morer un grand moment dans l\u2019histoire du Royaume qui a incarn\u00e9 les plus belles illustrations de la symbiose dans la lutte nationale men\u00e9e par le peuple marocain fid\u00e8le, sous la conduite du glorieux Tr\u00f4ne Alaouite, pour la libert\u00e9, l\u2019ind\u00e9pendance et l\u2019unit\u00e9 de la Patrie.<\/p>\n\n\n\n<p>L\u2019histoire de cette \u00e9pop\u00e9e commence le 20 ao\u00fbt 1953 lorsque le colonisateur d\u00e9cida de forcer \u00e0 l\u2019exil le symbole de la souverainet\u00e9 nationale, le h\u00e9ros de la lib\u00e9ration et de l\u2019ind\u00e9pendance et le premier r\u00e9sistant, le regrett\u00e9 Souverain, feu S.M. Mohammed V aux c\u00f4t\u00e9s de l\u2019Illustre Famille Royale, croyant \u00e0 tort que cette d\u00e9cision \u00e9teindra la flamme de la lutte nationale et finira par briser les liens solides unissant le peuple au Tr\u00f4ne, indique un communiqu\u00e9 du Haut Commissariat aux Anciens R\u00e9sistants et Anciens membres de l\u2019Arm\u00e9e de Lib\u00e9ration.<\/p>\n\n\n\n<p>Mais cet acte ignoble aura, apr\u00e8s coup, un effet contraire, marquant le commencement de la fin de la pr\u00e9sence coloniale et plantant le dernier clou dans le cercueil du colonisateur, puisque le peuple marocain fera preuve d\u2019une farouche r\u00e9sistance face \u00e0 ce vil complot, consentant d\u2019immenses sacrifices pour la gloire et la dignit\u00e9 de la patrie, sa souverainet\u00e9, son identit\u00e9 et la restauration de la l\u00e9gitimit\u00e9 avec le retour glorieux du Souverain l\u00e9gitime portant triomphalement l\u2019\u00e9tendard de la libert\u00e9 et de l\u2019ind\u00e9pendance, souligne-t-on de m\u00eame source.<\/p>\n\n\n\n<p>Le Haut-Commissariat rel\u00e8ve, \u00e0 ce propos, que la R\u00e9volution du Roi et du Peuple repr\u00e9sente un moment historique marquant et crucial dans la lutte nationale livr\u00e9e pendant des d\u00e9cennies et des g\u00e9n\u00e9rations par les Marocains face aux provocations et agressions du colonisateur, r\u00e9ussissant des prouesses admirables et uniques dans l\u2019histoire de lib\u00e9ration des peuples du joug du colonialisme et donnant un bel exemple de la solidit\u00e9 des liens existant entre l\u2019ensemble des composantes du peuple marocain, entre la base et le sommet tout en se sacrifiant pour d\u00e9fendre leur religion sacr\u00e9e, leurs constantes nationales ainsi que leur identit\u00e9 nationale. Et d\u2019ajouter que cette \u00e9pop\u00e9e de la r\u00e9volution du Roi et du Peuple occupe une place toute particuli\u00e8re dans le c\u0153ur de chaque Marocain, \u00e9tant une belle illustration des valeurs de patriotisme, de fiert\u00e9 d\u2019appartenance nationale, de sacrifice, d\u2019engagement et de loyalisme et aussi de triomphe de la volont\u00e9 du Tr\u00f4ne et du peuple.<\/p>\n\n\n\n<p>Le document rappelle que les Marocains ont contr\u00e9 les vell\u00e9it\u00e9s et les convoitises \u00e9trang\u00e8res, faisant montre de conviction et de d\u00e9termination face aux diktats du colonisateur, citant pour exemple la farouche r\u00e9sistance livr\u00e9e contre lui partout dans le Royaume, entre autres, les batailles d\u2019Elhri dans le Moyen Atlas en 1914, d\u2019Anoual au Rif (1921-1926), de Boughafer \u00e0 Ouarzazate ou encore la bataille de Jbel Baddou, \u00e0 Errachidia en 1933.<\/p>\n\n\n\n<p>Le Haut-Commissariat rappelle aussi que l\u2019action politique s\u2019est poursuivie ensuite en s\u2019opposant au soi-disant Dahir Berb\u00e8re en 1930 qui visait \u00e0 diviser le peuple marocain et \u00e0 semer les graines du racisme et du fanatisme tribal et ethnique, \u00e9voquant sur ce registre la pr\u00e9sentation de nombreuses revendications de r\u00e9forme, entre autres, le programme de r\u00e9forme nationale, la poursuite de la mobilisation nationale, la promotion des valeurs religieuses et nationale ainsi que l\u2019enseignement authentique ou encore la sensibilisation de l\u2019opinion publique et l\u2019ensemble des composantes du peuple marocain quant \u00e0 ses droits l\u00e9gitimes et la justesse des revendications nationales.<\/p>\n\n\n\n<p>Des efforts colossaux et inlassables couronn\u00e9s par la pr\u00e9sentation le 11 janvier 1944 du Manifeste de l\u2019Ind\u00e9pendance, un document qui illustre la clart\u00e9 de la vision et des objectifs ainsi que la forte d\u00e9termination du Tr\u00f4ne et du peuple \u00e0 s\u2019affranchir du joug du colonisateur, dans un \u00e9lan de concertation et de consensus entre le h\u00e9ros de la lib\u00e9ration et de l\u2019ind\u00e9pendance et le premier r\u00e9sistant, le regrett\u00e9 Souverain feu S.M. Mohammed V et les leaders du Mouvement national, souligne la m\u00eame source, avant d\u2019ajouter que cela repr\u00e9sente un tournant crucial dans la lutte nationale pour l\u2019ind\u00e9pendance du Maroc et la r\u00e9alisation de ses ambitions l\u00e9gitimes pour un avenir prometteur.<\/p>\n\n\n\n<p>Le 9 avril 1947, Feu S.M. Mohammed V a effectu\u00e9 sa visite \u00e0 Tanger o\u00f9 il pronon\u00e7a Son discours historique dans lequel le regrett\u00e9 Souverain a fix\u00e9 les nouveaux d\u00e9fis de la nouvelle \u00e9tape de la lutte nationale, revendiquant ouvertement l\u2019ind\u00e9pendance du Maroc et son unit\u00e9 nationale, rappelle le document, notant que cette visite de l\u2019unit\u00e9 illustre magistralement la ferme volont\u00e9 du Maroc de r\u00e9aliser son droit l\u00e9gitime \u00e0 l\u2019ind\u00e9pendance ainsi que son attachement \u00e0 son unit\u00e9, ses fondamentaux historiques et civilisationnels ainsi que son appartenance au monde arabo-islamique et sa mobilisation en faveur de la d\u00e9fense des sacralit\u00e9s religieuses, des constantes nationales et son identit\u00e9 civilisationnelle, culturelle, sociale et humaniste.<\/p>\n\n\n\n<p>Le Haut-Commissariat indique que cette visite Royale a d\u00e9clench\u00e9 aussit\u00f4t des tensions et une lutte acharn\u00e9e entre le Palais Royal et&nbsp;la R\u00e9sidence g\u00e9n\u00e9ral du protectorat fran\u00e7ais qui s\u2019est employ\u00e9e \u00e0 mettre la pression sur le symbole de l\u2019unit\u00e9 marocaine et de la souverainet\u00e9 nationale, dans le but de semer la division entre le Roi, le peuple et le mouvement de lib\u00e9ration, notant que toutes les man\u0153uvres du colonisateur n\u2019ont pas entam\u00e9 les volont\u00e9s, exacerbant tout au contraire les tensions jusqu\u2019\u00e0 la confrontation frontale avec les autorit\u00e9s coloniales.<\/p>\n\n\n\n<p>Au vu de la coh\u00e9sion du Tr\u00f4ne et du Peuple ainsi que les positions h\u00e9ro\u00efques du regrett\u00e9 Souverain, feu S.M. Mohammed V, rest\u00e9 imperturbable face aux man\u0153uvres de la R\u00e9sidence g\u00e9n\u00e9ral du protectorat fran\u00e7ais, les autorit\u00e9s coloniales ont \u00e9t\u00e9 accul\u00e9es \u00e0 porter atteinte au symbole de la nation et le garant de son unit\u00e9, en d\u00e9cidant de son exil aux c\u00f4t\u00e9s de la Famille Royale le 20 ao\u00fbt 1953, persuad\u00e9es \u00e0 tort que cette d\u00e9cision va mettre un coup d\u2019arr\u00eat \u00e0 la r\u00e9sistance, admirative devant la position courageuse du h\u00e9ros de la lib\u00e9ration et de l\u2019ind\u00e9pendance qui a refus\u00e9 de c\u00e9der malgr\u00e9 la menace de l\u2019exil, pr\u00e9f\u00e9rant d\u00e9fendre ses convictions et ses choix en faveur de la souverainet\u00e9 nationale ainsi que la fiert\u00e9 et la dignit\u00e9 du peuple marocain.<\/p>\n\n\n\n<p>C\u2019est dans cette conjoncture difficile que les r\u00e9sistants ont multipli\u00e9 les actes de bravoure et de sacrifice avec pour seul objectif le retour d\u2019exil du Souverain l\u00e9gitime et de l\u2019illustre Famille Royale et la proclamation apr\u00e8s coup de l\u2019ind\u00e9pendance, fait savoir le Haut-Commissariat, avant d\u2019ajouter que les manifestations de contestation et les assauts r\u00e9p\u00e9t\u00e9s de la r\u00e9sistance ont d\u00e9clench\u00e9 les op\u00e9rations de l\u2019arm\u00e9e de lib\u00e9ration dans le Nord du pays le 1er octobre 1955.<\/p>\n\n\n\n<p>Face \u00e0 cette r\u00e9volution, la puissance coloniale n\u2019a eu de choix que c\u00e9der \u00e0 la volont\u00e9 du Tr\u00f4ne et du Peuple, lib\u00e9rant le Roi Moujahid et son illustre famille, le 16 novembre 1955, ce qui a suscit\u00e9 une immense liesse dans le pays sous le signe de l\u2019ind\u00e9pendance, inaugurant dans la foul\u00e9e le chapitre du grand jihad, le grand combat \u00e9conomique et social pour l\u2019\u00e9dification d\u2019un Maroc libre et ind\u00e9pendant bien d\u00e9termin\u00e9 \u00e0 conqu\u00e9rir son int\u00e9grit\u00e9 territoriale.<\/p>\n\n\n\n<p>La marche de la lib\u00e9ration et le parach\u00e8vement de l\u2019ind\u00e9pendance nationale se sont poursuivis avec la r\u00e9cup\u00e9ration de Tarfaya le 15 avril 1958 et de Sidi Ifni le 30 juin 1969, rappelle la m\u00eame source, avant de souligner que cette \u00e9pop\u00e9e h\u00e9ro\u00efque s\u2019est sold\u00e9e par la lib\u00e9ration des parties usurp\u00e9es restantes du Sahara marocain gr\u00e2ce \u00e0 la symbiose entre le Tr\u00f4ne et le peuple, notamment le g\u00e9nie et la sagesse de l\u2019initiateur de la glorieuse Marche Verte, Feu S.M. Hassan II, qui ont permis, le 28 f\u00e9vrier 1976, de chasser le dernier soldat \u00e9tranger en poste au Sahara marocain ainsi que la r\u00e9cup\u00e9ration de la province d\u2019Oued Eddahab, le 14 ao\u00fbt 1979.<\/p>\n\n\n\n<p>Dans ce document, la Famille de la R\u00e9sistance et de l\u2019Arm\u00e9e de Lib\u00e9ration souligne qu\u2019en c\u00e9l\u00e9brant ce 72<sup>\u00e8me<\/sup> anniversaire de la R\u00e9volution du Roi et du Peuple, qui co\u00efncide avec la c\u00e9l\u00e9bration du 62<sup>\u00e8me<\/sup> anniversaire de S.M. le Roi Mohammed VI, elle cherche surtout \u00e0 inculquer aux jeunes g\u00e9n\u00e9rations les valeurs et les enseignements de cette grandiose \u00e9pop\u00e9e, s\u2019inspirant dans cette d\u00e9marche des hautes orientations Royales appelant \u00e0 tirer les enseignements de la lutte nationale.<\/p>\n\n\n\n<p>\u00abIl s\u2019agit d\u2019une noble mission et une responsabilit\u00e9 sur le dos de tous les marocains, comme cela a \u00e9t\u00e9 \u00e0 maintes fois r\u00e9it\u00e9r\u00e9 par S.M. le Roi Mohammed VI, que Dieu L\u2019assiste\u00bb, rel\u00e8ve le Haut-Commissariat.<\/p>\n","protected":false},"excerpt":{"rendered":"<p>La c\u00e9l\u00e9bration, ce mercredi 20 ao\u00fbt 2025, du 72\u00e8me anniversaire de la R\u00e9volution du Roi et du Peuple est l\u2019occasion annuelle de se rem\u00e9morer un grand moment dans l\u2019histoire du Royaume qui a incarn\u00e9 les plus belles illustrations de la symbiose dans la lutte nationale men\u00e9e par le peuple marocain fid\u00e8le, sous la conduite du &hellip;<\/p>\n","protected":false},"author":9,"featured_media":37639,"comment_status":"open","ping_status":"closed","sticky":false,"template":"","format":"standard","meta":{"footnotes":""},"categories":[219],"tags":[],"class_list":["post-37656","post","type-post","status-publish","format-standard","has-post-thumbnail","hentry","category-anniversaire"],"_links":{"self":[{"href":"https:\/\/letempsmag.ma\/index.php?rest_route=\/wp\/v2\/posts\/37656","targetHints":{"allow":["GET"]}}],"collection":[{"href":"https:\/\/letempsmag.ma\/index.php?rest_route=\/wp\/v2\/posts"}],"about":[{"href":"https:\/\/letempsmag.ma\/index.php?rest_route=\/wp\/v2\/types\/post"}],"author":[{"embeddable":true,"href":"https:\/\/letempsmag.ma\/index.php?rest_route=\/wp\/v2\/users\/9"}],"replies":[{"embeddable":true,"href":"https:\/\/letempsmag.ma\/index.php?rest_route=%2Fwp%2Fv2%2Fcomments&post=37656"}],"version-history":[{"count":1,"href":"https:\/\/letempsmag.ma\/index.php?rest_route=\/wp\/v2\/posts\/37656\/revisions"}],"predecessor-version":[{"id":37657,"href":"https:\/\/letempsmag.ma\/index.php?rest_route=\/wp\/v2\/posts\/37656\/revisions\/37657"}],"wp:featuredmedia":[{"embeddable":true,"href":"https:\/\/letempsmag.ma\/index.php?rest_route=\/wp\/v2\/media\/37639"}],"wp:attachment":[{"href":"https:\/\/letempsmag.ma\/index.php?rest_route=%2Fwp%2Fv2%2Fmedia&parent=37656"}],"wp:term":[{"taxonomy":"category","embeddable":true,"href":"https:\/\/letempsmag.ma\/index.php?rest_route=%2Fwp%2Fv2%2Fcategories&post=37656"},{"taxonomy":"post_tag","embeddable":true,"href":"https:\/\/letempsmag.ma\/index.php?rest_route=%2Fwp%2Fv2%2Ftags&post=37656"}],"curies":[{"name":"wp","href":"https:\/\/api.w.org\/{rel}","templated":true}]}}