{"id":37652,"date":"2025-08-20T02:00:13","date_gmt":"2025-08-20T01:00:13","guid":{"rendered":"https:\/\/letempsmag.ma\/?p=37652"},"modified":"2025-08-20T02:00:13","modified_gmt":"2025-08-20T01:00:13","slug":"le-japon-reitere-officiellement-sa-non-reconnaissance-du-polisario","status":"publish","type":"post","link":"https:\/\/letempsmag.ma\/?p=37652","title":{"rendered":"Le Japon r\u00e9it\u00e8re officiellement sa non-reconnaissance du \u00abPolisario\u00bb"},"content":{"rendered":"\n<p>Tenue mardi \u00e0 Yokohama (Japon), la r\u00e9cente r\u00e9union des hauts fonctionnaires en pr\u00e9paration \u00e0 la 9<sup>\u00e8me<\/sup> Conf\u00e9rence Internationale de Tokyo sur le D\u00e9veloppement de l&#8217;Afrique (\u00abTICAD-9\u00bb), a \u00e9t\u00e9 marqu\u00e9e par une clarification ferme du Japon concernant sa position sur la non-reconnaissance de l\u2019entit\u00e9 s\u00e9paratiste du \u00abPolisario\u00bb.<\/p>\n\n\n\n<p>Le chef de la d\u00e9l\u00e9gation japonaise a, en effet, rappel\u00e9 d\u00e8s l\u2019ouverture de cette r\u00e9union que son pays ne reconna\u00eet pas cette entit\u00e9, dont l\u2019intrusion dans les r\u00e9unions de la \u00abTICAD\u00bb ne modifie en rien la position constante du Japon qui ne la reconna\u00eet pas en tant qu&#8217;\u00c9tat.<\/p>\n\n\n\n<p>\u00abJe tiens \u00e0 informer que la pr\u00e9sence d\u2019une entit\u00e9 que le Japon ne reconna\u00eet pas en tant qu\u2019\u00c9tat n\u2019affecte pas la position du Japon concernant le statut de cette entit\u00e9\u00bb, a d\u00e9clar\u00e9 le haut responsable nippon.<\/p>\n\n\n\n<p>Le diplomate japonais a marqu\u00e9 sa r\u00e9serve sur la pr\u00e9sence de l\u2019entit\u00e9 s\u00e9paratiste, en indiquant que son pays a refus\u00e9 de lui adresser une invitation et s\u2019est content\u00e9 d\u2019inviter \u00ables pays avec lesquels le Japon entretient des relations diplomatiques\u00bb. Il a pr\u00e9cis\u00e9 que \u00abC&#8217;est la Commission de l\u2019Union Africaine qui a invit\u00e9 tous ses membres\u00bb.<\/p>\n\n\n\n<p>La d\u00e9claration intervient quelques jours seulement apr\u00e8s les propos du Ministre japonais des Affaires \u00e9trang\u00e8res, Takeshi Iwaya, qui avait r\u00e9affirm\u00e9, \u00e0 la veille de l\u2019ouverture des travaux de la \u00abTICAD\u00bb, la position inchang\u00e9e du Japon.<\/p>\n\n\n\n<p>Interrog\u00e9 par \u00abPanOrient News\u00bb sur la participation du \u00abPolisario\u00bb, une milice s\u00e9paratiste dont la pr\u00e9tendue \u00abr\u00e9publique\u00bb n\u2019est reconnue ni par le Japon, ni par la majorit\u00e9 des membres des Nations-Unies, le chef de la diplomatie japonaise avait soulign\u00e9 que son pays \u00abne reconna\u00eet pas la pr\u00e9tendue \u00abRasd\u00bb, expliquant qu\u2019\u00abil n\u2019y a aucun changement dans notre politique de ne pas l\u2019inviter \u00e0 la TICAD\u00bb, avait pr\u00e9cis\u00e9 Takeshi Iwaya, rappelant que l\u2019Union Africaine, co-organisatrice de l\u2019\u00e9v\u00e9nement, avait insist\u00e9 pour convier \u00abtous ses membres\u00bb.<\/p>\n\n\n\n<p>Cette double clarification, \u00e0 la fois lors de la r\u00e9union des hauts fonctionnaires et dans les d\u00e9clarations du Ministre, confirme l\u2019alignement strict du Japon avec le droit international et la pratique onusienne. (Photo&nbsp;: Le7tv.ma).<\/p>\n","protected":false},"excerpt":{"rendered":"<p>Tenue mardi \u00e0 Yokohama (Japon), la r\u00e9cente r\u00e9union des hauts fonctionnaires en pr\u00e9paration \u00e0 la 9\u00e8me Conf\u00e9rence Internationale de Tokyo sur le D\u00e9veloppement de l&#8217;Afrique (\u00abTICAD-9\u00bb), a \u00e9t\u00e9 marqu\u00e9e par une clarification ferme du Japon concernant sa position sur la non-reconnaissance de l\u2019entit\u00e9 s\u00e9paratiste du \u00abPolisario\u00bb. Le chef de la d\u00e9l\u00e9gation japonaise a, en effet, &hellip;<\/p>\n","protected":false},"author":9,"featured_media":37642,"comment_status":"open","ping_status":"closed","sticky":false,"template":"","format":"standard","meta":{"footnotes":""},"categories":[68],"tags":[],"class_list":["post-37652","post","type-post","status-publish","format-standard","has-post-thumbnail","hentry","category-politique"],"_links":{"self":[{"href":"https:\/\/letempsmag.ma\/index.php?rest_route=\/wp\/v2\/posts\/37652","targetHints":{"allow":["GET"]}}],"collection":[{"href":"https:\/\/letempsmag.ma\/index.php?rest_route=\/wp\/v2\/posts"}],"about":[{"href":"https:\/\/letempsmag.ma\/index.php?rest_route=\/wp\/v2\/types\/post"}],"author":[{"embeddable":true,"href":"https:\/\/letempsmag.ma\/index.php?rest_route=\/wp\/v2\/users\/9"}],"replies":[{"embeddable":true,"href":"https:\/\/letempsmag.ma\/index.php?rest_route=%2Fwp%2Fv2%2Fcomments&post=37652"}],"version-history":[{"count":1,"href":"https:\/\/letempsmag.ma\/index.php?rest_route=\/wp\/v2\/posts\/37652\/revisions"}],"predecessor-version":[{"id":37653,"href":"https:\/\/letempsmag.ma\/index.php?rest_route=\/wp\/v2\/posts\/37652\/revisions\/37653"}],"wp:featuredmedia":[{"embeddable":true,"href":"https:\/\/letempsmag.ma\/index.php?rest_route=\/wp\/v2\/media\/37642"}],"wp:attachment":[{"href":"https:\/\/letempsmag.ma\/index.php?rest_route=%2Fwp%2Fv2%2Fmedia&parent=37652"}],"wp:term":[{"taxonomy":"category","embeddable":true,"href":"https:\/\/letempsmag.ma\/index.php?rest_route=%2Fwp%2Fv2%2Fcategories&post=37652"},{"taxonomy":"post_tag","embeddable":true,"href":"https:\/\/letempsmag.ma\/index.php?rest_route=%2Fwp%2Fv2%2Ftags&post=37652"}],"curies":[{"name":"wp","href":"https:\/\/api.w.org\/{rel}","templated":true}]}}