{"id":37407,"date":"2025-07-31T10:48:40","date_gmt":"2025-07-31T09:48:40","guid":{"rendered":"https:\/\/letempsmag.ma\/?p=37407"},"modified":"2025-07-31T10:48:40","modified_gmt":"2025-07-31T09:48:40","slug":"lancien-maire-de-bouznika-condamne-a-7-ans-de-prison-ferme","status":"publish","type":"post","link":"https:\/\/letempsmag.ma\/?p=37407","title":{"rendered":"L\u2019ancien Maire de Bouznika condamn\u00e9 \u00e0 7 ans de prison ferme"},"content":{"rendered":"\n<p>La Chambre Criminelle de la Cour d\u2019Appel de Casablanca a prononc\u00e9, le 29 juillet dernier, son verdict dans l\u2019affaire Ozone de Bouznika. La Cour a, en effet, condamn\u00e9 trois personnalit\u00e9s connues, apr\u00e8s les avoir poursuivies pour des accusations li\u00e9es \u00e0 des irr\u00e9gularit\u00e9s financi\u00e8res et administratives.<\/p>\n\n\n\n<p>Le tribunal a ainsi condamn\u00e9 l\u2019ancien D\u00e9put\u00e9 et Maire de Bouznika, Mohamed Karimine (photo), \u00e0 sept ans de prison pour corruption financi\u00e8re et mauvaise gestion des affaires publiques locales.<\/p>\n\n\n\n<p>La Justice a \u00e9galement condamn\u00e9 l\u2019ancien Pr\u00e9sident du club Raja Casablanca et PDG d\u2019Ozone, Aziz Badraoui, \u00e0 six ans de prison, confisqu\u00e9 ses biens \u00e0 hauteur de 10 millions de DH et impos\u00e9 une amende du m\u00eame montant. Il a \u00e9t\u00e9 reconnu coupable de mauvaise gestion et de trafic d\u2019influence dans des affaires li\u00e9es \u00e0 la gestion de ses entreprises et de ses activit\u00e9s sportives.<\/p>\n\n\n\n<p>La Cour a aussi condamn\u00e9 un ing\u00e9nieur \u00e0 la retraite, M. Tangi, \u00e0 quatre ans de prison pour son implication dans des affaires li\u00e9es \u00e0 des march\u00e9s publics frauduleux et \u00e0 des projets techniques mis en \u0153uvre dans la Commune de Bouznika&nbsp;<\/p>\n\n\n\n<p>Ces d\u00e9cisions s\u2019inscrivent dans le cadre d\u2019une campagne nationale visant \u00e0 lutter contre la corruption, \u00e0 promouvoir la transparence et \u00e0 lier responsabilit\u00e9 et reddition de comptes. Elles s\u2019inscrivent \u00e9galement dans le cadre des efforts d\u00e9ploy\u00e9s par le pouvoir judiciaire pour consolider son ind\u00e9pendance et renforcer la confiance dans les institutions.<\/p>\n","protected":false},"excerpt":{"rendered":"<p>La Chambre Criminelle de la Cour d\u2019Appel de Casablanca a prononc\u00e9, le 29 juillet dernier, son verdict dans l\u2019affaire Ozone de Bouznika. La Cour a, en effet, condamn\u00e9 trois personnalit\u00e9s connues, apr\u00e8s les avoir poursuivies pour des accusations li\u00e9es \u00e0 des irr\u00e9gularit\u00e9s financi\u00e8res et administratives. Le tribunal a ainsi condamn\u00e9 l\u2019ancien D\u00e9put\u00e9 et Maire de &hellip;<\/p>\n","protected":false},"author":9,"featured_media":37397,"comment_status":"open","ping_status":"closed","sticky":false,"template":"","format":"standard","meta":{"footnotes":""},"categories":[105],"tags":[],"class_list":["post-37407","post","type-post","status-publish","format-standard","has-post-thumbnail","hentry","category-justice"],"_links":{"self":[{"href":"https:\/\/letempsmag.ma\/index.php?rest_route=\/wp\/v2\/posts\/37407","targetHints":{"allow":["GET"]}}],"collection":[{"href":"https:\/\/letempsmag.ma\/index.php?rest_route=\/wp\/v2\/posts"}],"about":[{"href":"https:\/\/letempsmag.ma\/index.php?rest_route=\/wp\/v2\/types\/post"}],"author":[{"embeddable":true,"href":"https:\/\/letempsmag.ma\/index.php?rest_route=\/wp\/v2\/users\/9"}],"replies":[{"embeddable":true,"href":"https:\/\/letempsmag.ma\/index.php?rest_route=%2Fwp%2Fv2%2Fcomments&post=37407"}],"version-history":[{"count":1,"href":"https:\/\/letempsmag.ma\/index.php?rest_route=\/wp\/v2\/posts\/37407\/revisions"}],"predecessor-version":[{"id":37408,"href":"https:\/\/letempsmag.ma\/index.php?rest_route=\/wp\/v2\/posts\/37407\/revisions\/37408"}],"wp:featuredmedia":[{"embeddable":true,"href":"https:\/\/letempsmag.ma\/index.php?rest_route=\/wp\/v2\/media\/37397"}],"wp:attachment":[{"href":"https:\/\/letempsmag.ma\/index.php?rest_route=%2Fwp%2Fv2%2Fmedia&parent=37407"}],"wp:term":[{"taxonomy":"category","embeddable":true,"href":"https:\/\/letempsmag.ma\/index.php?rest_route=%2Fwp%2Fv2%2Fcategories&post=37407"},{"taxonomy":"post_tag","embeddable":true,"href":"https:\/\/letempsmag.ma\/index.php?rest_route=%2Fwp%2Fv2%2Ftags&post=37407"}],"curies":[{"name":"wp","href":"https:\/\/api.w.org\/{rel}","templated":true}]}}