{"id":37399,"date":"2025-07-31T10:43:22","date_gmt":"2025-07-31T09:43:22","guid":{"rendered":"https:\/\/letempsmag.ma\/?p=37399"},"modified":"2025-07-31T10:43:22","modified_gmt":"2025-07-31T09:43:22","slug":"francois-provost-nouveau-directeur-general-et-administrateur-de-renault-group","status":"publish","type":"post","link":"https:\/\/letempsmag.ma\/?p=37399","title":{"rendered":"Fran\u00e7ois Provost, nouveau Directeur G\u00e9n\u00e9ral et Administrateur de Renault Group"},"content":{"rendered":"\n<p>Le Conseil d\u2019administration de Renault Group, r\u00e9uni le 30 juillet dernier \u00e0 son si\u00e8ge \u00e0 Billancourt (France), sous la pr\u00e9sidence de Jean-Dominique Senard, a d\u00e9cid\u00e9, sur recommandation du Comit\u00e9 de la Gouvernance et des r\u00e9mun\u00e9rations, de nommer \u00e0 compter du 31 juillet, Fran\u00e7ois Provost Directeur G\u00e9n\u00e9ral de Renault S.A. et Pr\u00e9sident de Renault S.A.S. pour une dur\u00e9e de quatre ans, ainsi qu\u2019Administrateur de Renault S.A. et de Renault S.A.S.<\/p>\n\n\n\n<p>Pr\u00e9c\u00e9demment Directeur des Achats, des Partenariats et des Affaires Publiques, Fran\u00e7ois Provost est un dirigeant exp\u00e9riment\u00e9, fort de 23 ans au sein du Groupe. Avec son parcours international tant dans des fonctions op\u00e9rationnelles que strat\u00e9giques, sa connaissance fine des enjeux du secteur et sa vision strat\u00e9gique, il dispose des qualit\u00e9s requises pour poursuivre et acc\u00e9l\u00e9rer la transformation de Renault Group, pour assurer la continuit\u00e9 de son d\u00e9veloppement, notamment \u00e0 l\u2019international et dans ses partenariats, pour capitaliser sur son agilit\u00e9 strat\u00e9gique et maintenir une exigence de performance, dans le respect des valeurs de l\u2019entreprise.<\/p>\n\n\n\n<p>\u00c0 l\u2019issue du Conseil d\u2019administration, Jean-Dominique Senard a d\u00e9clar\u00e9&nbsp;: \u00abJe suis convaincu que Fran\u00e7ois Provost saura piloter le Groupe avec discernement et de mani\u00e8re&nbsp; durable, dans&nbsp; un environnement qui exige \u00e0 la fois rigueur d\u2019ex\u00e9cution, vision strat\u00e9gique et capacit\u00e9 d\u2019innovation. Dans cette industrie en profonde mutation, sa d\u00e9termination et son sens des responsabilit\u00e9s seront des v\u00e9ritables atouts pour guider les \u00e9quipes et poursuivre notre dynamique. Chez Renault Group, le statu-quo n\u2019a pas sa place. Avec son expertise et sa connaissance de l\u2019entreprise, nous pourrons achever la mise en \u0153uvre de notre plan strat\u00e9gique, finaliser les termes du suivant et en assurer l\u2019impl\u00e9mentation avec succ\u00e8s. Je me r\u00e9jouis sinc\u00e8rement de travailler avec lui. Et je tiens \u00e0 remercier chaleureusement Duncan Minto pour avoir assur\u00e9 l\u2019interim pendant deux semaines\u00bb.<\/p>\n\n\n\n<p>Pour sa part, Fran\u00e7ois Provost a d\u00e9clar\u00e9&nbsp;: \u00abC\u2019est avec fiert\u00e9 et gratitude que j\u2019accueille cette nomination. Je remercie chaleureusement notre Pr\u00e9sident Jean-Dominique Senard et le Conseil d\u2019administration pour la confiance qu\u2019ils m\u2019accordent. J\u2019ai une pens\u00e9e particuli\u00e8re pour les \u00e9quipes du Groupe qui m\u2019ont accompagn\u00e9 tout au long de ces 23 ann\u00e9es. Je mettrai toute mon \u00e9nergie et ma passion pour contribuer, avec nos 100.000 collaborateurs et avec nos concessionnaires, fournisseurs et partenaires, au d\u00e9veloppement de notre groupe, l\u2019un des fleurons de l\u2019industrie fran\u00e7aise depuis 127 ans. Renault Group b\u00e9n\u00e9ficie de fondamentaux solides avec des \u00e9quipes engag\u00e9es, une tr\u00e8s belle gamme de produits, des marques fortes et un mod\u00e8le d\u2019organisation innovant. Ils nous seront pr\u00e9cieux pour acc\u00e9l\u00e9rer notre transformation dans un contexte de plus en plus exigeant pour notre industrie. Vous pouvez compter sur mon engagement et ma d\u00e9termination pour \u00e9crire ensemble la prochaine page de notre histoire\u00bb.<\/p>\n\n\n\n<p><strong><em>Fran\u00e7ois Provost&nbsp;: carte de visite<\/em><\/strong><\/p>\n\n\n\n<p>N\u00e9 en 1968, Fran\u00e7ois Provost est dipl\u00f4m\u00e9 de l\u2019\u00c9cole Polytechnique et ing\u00e9nieur en chef du Corps des Mines. Apr\u00e8s un d\u00e9but de carri\u00e8re dans la haute administration, il rejoint Renault Group en 2002. Il y occupe des fonctions de direction en France et en Europe, notamment Directeur G\u00e9n\u00e9ral de Renault-Nissan Portugal de 2005 \u00e0 2008. En 2010, son parcours prend une tournure internationale : directeur g\u00e9n\u00e9ral adjoint de Renault Russie en charge des op\u00e9rations, puis Pr\u00e9sident-Directeur G\u00e9n\u00e9ral de Renault Samsung Motors en Cor\u00e9e pendant 5 ans, avant de devenir Directeur des op\u00e9rations en Chine, et ensuite de l\u2019Asie-Pacifique, et enfin Directeur du d\u00e9veloppement international. En 2023, il int\u00e8gre la Leadership Team du Groupe en tant que Directeur des achats, des partenariats et des affaires publiques. De Lisbonne \u00e0 S\u00e9oul, en passant par Moscou et P\u00e9kin, il est devenu un dirigeant strat\u00e9gique et exp\u00e9riment\u00e9, il a ainsi contribu\u00e9 \u00e0 la mise en place de partenariats structurants avec des acteurs mondiaux tels que Nissan, Geely et Aramco.<\/p>\n","protected":false},"excerpt":{"rendered":"<p>Le Conseil d\u2019administration de Renault Group, r\u00e9uni le 30 juillet dernier \u00e0 son si\u00e8ge \u00e0 Billancourt (France), sous la pr\u00e9sidence de Jean-Dominique Senard, a d\u00e9cid\u00e9, sur recommandation du Comit\u00e9 de la Gouvernance et des r\u00e9mun\u00e9rations, de nommer \u00e0 compter du 31 juillet, Fran\u00e7ois Provost Directeur G\u00e9n\u00e9ral de Renault S.A. et Pr\u00e9sident de Renault S.A.S. pour &hellip;<\/p>\n","protected":false},"author":9,"featured_media":37396,"comment_status":"open","ping_status":"closed","sticky":false,"template":"","format":"standard","meta":{"footnotes":""},"categories":[246],"tags":[],"class_list":["post-37399","post","type-post","status-publish","format-standard","has-post-thumbnail","hentry","category-management"],"_links":{"self":[{"href":"https:\/\/letempsmag.ma\/index.php?rest_route=\/wp\/v2\/posts\/37399","targetHints":{"allow":["GET"]}}],"collection":[{"href":"https:\/\/letempsmag.ma\/index.php?rest_route=\/wp\/v2\/posts"}],"about":[{"href":"https:\/\/letempsmag.ma\/index.php?rest_route=\/wp\/v2\/types\/post"}],"author":[{"embeddable":true,"href":"https:\/\/letempsmag.ma\/index.php?rest_route=\/wp\/v2\/users\/9"}],"replies":[{"embeddable":true,"href":"https:\/\/letempsmag.ma\/index.php?rest_route=%2Fwp%2Fv2%2Fcomments&post=37399"}],"version-history":[{"count":1,"href":"https:\/\/letempsmag.ma\/index.php?rest_route=\/wp\/v2\/posts\/37399\/revisions"}],"predecessor-version":[{"id":37400,"href":"https:\/\/letempsmag.ma\/index.php?rest_route=\/wp\/v2\/posts\/37399\/revisions\/37400"}],"wp:featuredmedia":[{"embeddable":true,"href":"https:\/\/letempsmag.ma\/index.php?rest_route=\/wp\/v2\/media\/37396"}],"wp:attachment":[{"href":"https:\/\/letempsmag.ma\/index.php?rest_route=%2Fwp%2Fv2%2Fmedia&parent=37399"}],"wp:term":[{"taxonomy":"category","embeddable":true,"href":"https:\/\/letempsmag.ma\/index.php?rest_route=%2Fwp%2Fv2%2Fcategories&post=37399"},{"taxonomy":"post_tag","embeddable":true,"href":"https:\/\/letempsmag.ma\/index.php?rest_route=%2Fwp%2Fv2%2Ftags&post=37399"}],"curies":[{"name":"wp","href":"https:\/\/api.w.org\/{rel}","templated":true}]}}