{"id":37389,"date":"2025-07-30T11:07:32","date_gmt":"2025-07-30T10:07:32","guid":{"rendered":"https:\/\/letempsmag.ma\/?p=37389"},"modified":"2025-07-30T11:07:32","modified_gmt":"2025-07-30T10:07:32","slug":"le-morocco-royal-tour-revient-pour-une-palpitante-14eme-edition","status":"publish","type":"post","link":"https:\/\/letempsmag.ma\/?p=37389","title":{"rendered":"Le Morocco Royal Tour revient pour une palpitante 14\u00e8me \u00e9dition"},"content":{"rendered":"\n<p>Trois villes, trois week-ends, un circuit unique&nbsp;: le Morocco Royal Tour fera son grand retour du 18 septembre au 5 octobre prochains. Plac\u00e9e sous le haut Patronage de S.M. le Roi Mohammed VI, cette 14<sup>\u00e8me<\/sup> \u00e9dition confirme une nouvelle fois la place du Royaume parmi les grandes nations h\u00f4tes du saut d\u2019obstacles international.<\/p>\n\n\n\n<p>La tourn\u00e9e d\u00e9butera \u00e0 T\u00e9touan, dans l\u2019\u00e9crin historique de la Garde Royale, du 18 au 21 septembre. Rabat prendra le relais du 24 au 28 septembre avec, en point d\u2019orgue, la Coupe des Nations \u00abCSIO4-W*\u00bb, \u00e9preuve-phare par \u00e9quipes, sur les installations de la F\u00e9d\u00e9ration Royale Marocaine des Sports \u00c9questres \u00e0 Dar Es Salam. Enfin, El Jadida accueillera la grande finale dans le cadre du Salon du Cheval, du 2 au 5 octobre, avec le Grand Prix de Sa Majest\u00e9 le Roi Mohammed VI.<\/p>\n\n\n\n<p>T\u00e9touan, Rabat et El Jadida accueilleront ainsi, cette ann\u00e9e encore, l\u2019\u00e9lite mondiale de la discipline dans un format prestigieux m\u00ealant \u00e9preuves individuelles et comp\u00e9titions par \u00e9quipes. Avec une programmation dense incluant 27 \u00e9preuves, dont 13 inscrites au classement mondial \u00abLongines (FEI)\u00bb, le Morocco Royal Tour 2025 se positionne comme l\u2019un des rendez-vous phares du calendrier \u00e9questre international.<\/p>\n\n\n\n<p>Le circuit 2025 verra la participation attendue de cavaliers marocains \u00e9m\u00e9rites tels qu&#8217;Abdelkebir Ouaddar, El Ghali Boukaa, Ali Al Ahrach et Abdeslam Bennani Smires, mais aussi de grandes figures internationales comme l\u2019Italien Emanuele Gaudiano, le Belge J\u00e9r\u00f4me Guery, le Suisse Adrian Schmid, le Saoudien Khaled Almobty&#8230; Une trentaine de pays seront repr\u00e9sent\u00e9s, confirmant l\u2019attractivit\u00e9 grandissante du Morocco Royal Tour \u00e0 l\u2019\u00e9chelle mondiale.<\/p>\n\n\n\n<p>Avec ses \u00e9preuves spectaculaires, ses t\u00eates d\u2019affiche et ses d\u00e9cors grandioses, le Morocco Royal Tour 2025 promet un spectacle de haut vol. Entre sport, \u00e9l\u00e9gance et tradition, le cheval y sera c\u00e9l\u00e9br\u00e9 dans toute sa noblesse. Un rendez-vous immanquable pour les passionn\u00e9s d\u2019\u00e9quitation et les amateurs d\u2019\u00e9motions fortes.<\/p>\n","protected":false},"excerpt":{"rendered":"<p>Trois villes, trois week-ends, un circuit unique&nbsp;: le Morocco Royal Tour fera son grand retour du 18 septembre au 5 octobre prochains. Plac\u00e9e sous le haut Patronage de S.M. le Roi Mohammed VI, cette 14\u00e8me \u00e9dition confirme une nouvelle fois la place du Royaume parmi les grandes nations h\u00f4tes du saut d\u2019obstacles international. La tourn\u00e9e &hellip;<\/p>\n","protected":false},"author":9,"featured_media":37381,"comment_status":"open","ping_status":"closed","sticky":false,"template":"","format":"standard","meta":{"footnotes":""},"categories":[1509],"tags":[],"class_list":["post-37389","post","type-post","status-publish","format-standard","has-post-thumbnail","hentry","category-equitation"],"_links":{"self":[{"href":"https:\/\/letempsmag.ma\/index.php?rest_route=\/wp\/v2\/posts\/37389","targetHints":{"allow":["GET"]}}],"collection":[{"href":"https:\/\/letempsmag.ma\/index.php?rest_route=\/wp\/v2\/posts"}],"about":[{"href":"https:\/\/letempsmag.ma\/index.php?rest_route=\/wp\/v2\/types\/post"}],"author":[{"embeddable":true,"href":"https:\/\/letempsmag.ma\/index.php?rest_route=\/wp\/v2\/users\/9"}],"replies":[{"embeddable":true,"href":"https:\/\/letempsmag.ma\/index.php?rest_route=%2Fwp%2Fv2%2Fcomments&post=37389"}],"version-history":[{"count":1,"href":"https:\/\/letempsmag.ma\/index.php?rest_route=\/wp\/v2\/posts\/37389\/revisions"}],"predecessor-version":[{"id":37390,"href":"https:\/\/letempsmag.ma\/index.php?rest_route=\/wp\/v2\/posts\/37389\/revisions\/37390"}],"wp:featuredmedia":[{"embeddable":true,"href":"https:\/\/letempsmag.ma\/index.php?rest_route=\/wp\/v2\/media\/37381"}],"wp:attachment":[{"href":"https:\/\/letempsmag.ma\/index.php?rest_route=%2Fwp%2Fv2%2Fmedia&parent=37389"}],"wp:term":[{"taxonomy":"category","embeddable":true,"href":"https:\/\/letempsmag.ma\/index.php?rest_route=%2Fwp%2Fv2%2Fcategories&post=37389"},{"taxonomy":"post_tag","embeddable":true,"href":"https:\/\/letempsmag.ma\/index.php?rest_route=%2Fwp%2Fv2%2Ftags&post=37389"}],"curies":[{"name":"wp","href":"https:\/\/api.w.org\/{rel}","templated":true}]}}