{"id":37374,"date":"2025-07-29T14:59:25","date_gmt":"2025-07-29T13:59:25","guid":{"rendered":"https:\/\/letempsmag.ma\/?p=37374"},"modified":"2025-07-29T14:59:25","modified_gmt":"2025-07-29T13:59:25","slug":"londa-devoile-sa-nouvelle-identite-visuelle-et-se-projette-dans-lavenir","status":"publish","type":"post","link":"https:\/\/letempsmag.ma\/?p=37374","title":{"rendered":"L\u2019ONDA d\u00e9voile sa nouvelle identit\u00e9 visuelle et se projette dans l\u2019avenir"},"content":{"rendered":"\n<p>Port\u00e9 par la strat\u00e9gie \u00abA\u00e9roports 2030\u00bb, l\u2019Office National des A\u00e9roports (ONDA) amorce un nouveau virage d\u00e9cisif avec le lancement d\u2019une nouvelle identit\u00e9 visuelle. Une mue profonde, au croisement de la modernit\u00e9, de l\u2019excellence op\u00e9rationnelle et du rayonnement national, en ligne avec les grandes ambitions de la Vision 2030 et du Maroc d\u2019apr\u00e8s 2030.<\/p>\n\n\n\n<p>Dans un contexte d\u2019\u00e9lan national et d\u2019ambitions affirm\u00e9es, l\u2019ONDA franchit une \u00e9tape d\u00e9terminante de son d\u00e9veloppement. En droite ligne avec la vision strat\u00e9gique du Royaume et les \u00e9ch\u00e9ances internationales majeures comme la CAN 2025 et la Coupe du Monde 2030, l\u2019Office initie une profonde transformation \u00e0 travers sa strat\u00e9gie \u00abA\u00e9roports 2030\u00bb qui s\u2019accompagne aujourd\u2019hui par l\u2019adoption d\u2019une nouvelle identit\u00e9 visuelle. Ce changement refl\u00e8te une volont\u00e9 affirm\u00e9e de repositionner l\u2019ONDA comme un acteur national de r\u00e9f\u00e9rence, dot\u00e9 d\u2019une ambition r\u00e9gionale et tourn\u00e9 vers les standards internationaux, au service de la mobilit\u00e9, du rayonnement et de l\u2019excellence.<\/p>\n\n\n\n<p>Le nouveau logo, \u00e0 la fois moderne et charg\u00e9 de symboles, puise dans le patrimoine marocain en s\u2019inspirant du zellige et des formes traditionnelles, tout en exprimant une ouverture sur le monde \u00e0 travers l\u2019\u00e9vocation des quatre points cardinaux. La typographie contemporaine, les lignes \u00e9pur\u00e9es et une palette de couleurs emprunt\u00e9e au bleu du ciel et \u00e0 l\u2019ocre de la terre marocaine viennent parachever cette grammaire visuelle repens\u00e9e.<\/p>\n\n\n\n<p>Cette nouvelle identit\u00e9 repose sur une architecture de marque repens\u00e9e et structur\u00e9e. Une marque-voyageurs visible dans tous les a\u00e9roports du Royaume, pens\u00e9e pour incarner l\u2019exp\u00e9rience passager et le lien direct avec les usagers avec un nouveau naming&nbsp;: \u00abAirports of Morocco\u00bb.<\/p>\n\n\n\n<p>Trois priorit\u00e9s structurent cette transformation : le d\u00e9veloppement acc\u00e9l\u00e9r\u00e9 des infrastructures a\u00e9roportuaires, une am\u00e9lioration ambitieuse de l\u2019exp\u00e9rience client pour l\u2019aligner sur les meilleurs standards mondiaux, et une \u00e9volution organisationnelle en profondeur, qui accompagnera la transformation de l\u2019ONDA en un groupe moderne, agile et performant.<\/p>\n\n\n\n<p>Le d\u00e9ploiement de cette nouvelle identit\u00e9 visuelle d\u00e9butera d\u00e8s ce mois d\u2019ao\u00fbt 2025, sur l\u2019ensemble des supports physiques et num\u00e9riques dans tous les a\u00e9roports du pays. Avec cette nouvelle image, l\u2019ONDA affirme son ambition d\u2019accompagner les grandes ambitions du Royaume du Maroc et de contribuer \u00e0 son rayonnement international.<\/p>\n\n\n\n<p>\u00abAirports of Morocco\u00bb porte d\u00e9sormais le sceau d\u2019une vision renouvel\u00e9e des infrastructures a\u00e9roportuaires, \u00e0 la fois plus connect\u00e9es, plus accueillantes et pleinement ancr\u00e9es dans l\u2019avenir du Royaume.<\/p>\n","protected":false},"excerpt":{"rendered":"<p>Port\u00e9 par la strat\u00e9gie \u00abA\u00e9roports 2030\u00bb, l\u2019Office National des A\u00e9roports (ONDA) amorce un nouveau virage d\u00e9cisif avec le lancement d\u2019une nouvelle identit\u00e9 visuelle. Une mue profonde, au croisement de la modernit\u00e9, de l\u2019excellence op\u00e9rationnelle et du rayonnement national, en ligne avec les grandes ambitions de la Vision 2030 et du Maroc d\u2019apr\u00e8s 2030. Dans un &hellip;<\/p>\n","protected":false},"author":9,"featured_media":37352,"comment_status":"open","ping_status":"closed","sticky":false,"template":"","format":"standard","meta":{"footnotes":""},"categories":[843],"tags":[],"class_list":["post-37374","post","type-post","status-publish","format-standard","has-post-thumbnail","hentry","category-branding"],"_links":{"self":[{"href":"https:\/\/letempsmag.ma\/index.php?rest_route=\/wp\/v2\/posts\/37374","targetHints":{"allow":["GET"]}}],"collection":[{"href":"https:\/\/letempsmag.ma\/index.php?rest_route=\/wp\/v2\/posts"}],"about":[{"href":"https:\/\/letempsmag.ma\/index.php?rest_route=\/wp\/v2\/types\/post"}],"author":[{"embeddable":true,"href":"https:\/\/letempsmag.ma\/index.php?rest_route=\/wp\/v2\/users\/9"}],"replies":[{"embeddable":true,"href":"https:\/\/letempsmag.ma\/index.php?rest_route=%2Fwp%2Fv2%2Fcomments&post=37374"}],"version-history":[{"count":1,"href":"https:\/\/letempsmag.ma\/index.php?rest_route=\/wp\/v2\/posts\/37374\/revisions"}],"predecessor-version":[{"id":37377,"href":"https:\/\/letempsmag.ma\/index.php?rest_route=\/wp\/v2\/posts\/37374\/revisions\/37377"}],"wp:featuredmedia":[{"embeddable":true,"href":"https:\/\/letempsmag.ma\/index.php?rest_route=\/wp\/v2\/media\/37352"}],"wp:attachment":[{"href":"https:\/\/letempsmag.ma\/index.php?rest_route=%2Fwp%2Fv2%2Fmedia&parent=37374"}],"wp:term":[{"taxonomy":"category","embeddable":true,"href":"https:\/\/letempsmag.ma\/index.php?rest_route=%2Fwp%2Fv2%2Fcategories&post=37374"},{"taxonomy":"post_tag","embeddable":true,"href":"https:\/\/letempsmag.ma\/index.php?rest_route=%2Fwp%2Fv2%2Ftags&post=37374"}],"curies":[{"name":"wp","href":"https:\/\/api.w.org\/{rel}","templated":true}]}}