{"id":37364,"date":"2025-07-29T14:45:56","date_gmt":"2025-07-29T13:45:56","guid":{"rendered":"https:\/\/letempsmag.ma\/?p=37364"},"modified":"2025-07-29T14:45:56","modified_gmt":"2025-07-29T13:45:56","slug":"ayta-dbladi-un-evenement-qui-fera-date-a-casablanca","status":"publish","type":"post","link":"https:\/\/letempsmag.ma\/?p=37364","title":{"rendered":"Ayta D\u2019Bladi, un \u00e9v\u00e9nement qui fera date \u00e0 Casablanca"},"content":{"rendered":"\n<p>Casablanca, berceau des m\u00e9tamorphoses culturelles, vibrera prochainement \u00e0 l\u2019unisson de ses racines. Du 13 au 15 novembre prochain, la cit\u00e9 blanche deviendra l\u2019\u00e9crin d\u2019une c\u00e9l\u00e9bration musicale&nbsp;: la premi\u00e8re \u00e9dition du Festival Ayta D\u2019Bladi, con\u00e7u par Public Events, le cr\u00e9ateur d\u2019\u00e9motions derri\u00e8re le c\u00e9l\u00e8bre Nostalgia Lovers Festival. Ici, l\u2019A\u00efta, chant ancestral du Maroc, entre en r\u00e9sonance avec les sonorit\u00e9s du pr\u00e9sent, dans une rencontre in\u00e9dite entre patrimoine vivant et cr\u00e9ation contemporaine.<\/p>\n\n\n\n<p><strong><em>Un concept interg\u00e9n\u00e9rationnel<\/em><\/strong><\/p>\n\n\n\n<p>Ayta D\u2019Bladi donne naissance \u00e0 un projet artistique fort et f\u00e9d\u00e9rateur, fond\u00e9 sur une collaboration in\u00e9dite entre les ic\u00f4nes de l\u2019A\u00efta populaire (gardiennes d\u2019un h\u00e9ritage oral centenaire) et les talents \u00e9mergents de la jeune sc\u00e8ne marocaine, porteurs de nouvelles \u00e9critures musicales. \u00c0 la crois\u00e9e des styles et des g\u00e9n\u00e9rations, ce dialogue cr\u00e9atif tisse une nouvelle grammaire sonore, \u00e0 la fois ancr\u00e9e et affranchie, sensible et audacieuse.<\/p>\n\n\n\n<p>Plus qu\u2019un festival, Ayta D\u2019Bladi est une \u0153uvre collective en mouvement, un terrain d\u2019exp\u00e9rimentation artistique o\u00f9 la tradition se r\u00e9invente dans un souffle contemporain, port\u00e9 par l\u2019envie de faire vibrer l\u2019A\u00efta au rythme du monde d\u2019aujourd\u2019hui.<\/p>\n\n\n\n<p><strong><em>Trois soir\u00e9es d\u2019\u00e9motion pure<\/em><\/strong><\/p>\n\n\n\n<p>Du 13 au 15 novembre prochain, Casablanca vibrera ainsi au rythme de trois concerts exceptionnels, dans un lieu embl\u00e9matique dont le nom sera bient\u00f4t d\u00e9voil\u00e9. Chaque soir\u00e9e sera une c\u00e9l\u00e9bration vivante, port\u00e9e par des cr\u00e9ations originales, o\u00f9 les influences se m\u00ealent avec libert\u00e9, et o\u00f9 les g\u00e9n\u00e9rations s\u2019unissent dans une c\u00e9l\u00e9bration vivante de l\u2019\u00e2me marocaine. Le tout sublim\u00e9 par une sc\u00e9nographie immersive sign\u00e9e Public Events, pens\u00e9e comme une exp\u00e9rience sensorielle totale, o\u00f9 l\u2019espace devient r\u00e9cit, et la musique, \u00e9motion partag\u00e9e.<\/p>\n\n\n\n<p><strong><em>\u00c0 propos de Public Event<\/em><\/strong><\/p>\n\n\n\n<p>Public Events, une agence marocaine de r\u00e9f\u00e9rence dans le domaine de l\u2019\u00e9v\u00e9nementiel au Maroc, est une filiale du groupe Parthenon Holding. Elle imagine et orchestre des exp\u00e9riences immersives, allant des \u00e9v\u00e9nements confidentiels aux \u00e9v\u00e9nements grand public. Public Events op\u00e8re dans quatre domaines principaux : le sport, le corporate, l&#8217;am\u00e9nagement et le grand public. Le groupe Parthenon, \u00e9galement actif dans les secteurs de l\u2019audiovisuel et des loisirs (notamment \u00e0 travers Palooza Park \u00e0 Marrakech), \u0153uvre \u00e0 cr\u00e9er des \u00e9v\u00e9nements f\u00e9d\u00e9rateurs et porteurs de sens \u00e0 l\u2019\u00e9chelle nationale.<\/p>\n","protected":false},"excerpt":{"rendered":"<p>Casablanca, berceau des m\u00e9tamorphoses culturelles, vibrera prochainement \u00e0 l\u2019unisson de ses racines. Du 13 au 15 novembre prochain, la cit\u00e9 blanche deviendra l\u2019\u00e9crin d\u2019une c\u00e9l\u00e9bration musicale&nbsp;: la premi\u00e8re \u00e9dition du Festival Ayta D\u2019Bladi, con\u00e7u par Public Events, le cr\u00e9ateur d\u2019\u00e9motions derri\u00e8re le c\u00e9l\u00e8bre Nostalgia Lovers Festival. Ici, l\u2019A\u00efta, chant ancestral du Maroc, entre en r\u00e9sonance &hellip;<\/p>\n","protected":false},"author":9,"featured_media":37348,"comment_status":"open","ping_status":"closed","sticky":false,"template":"","format":"standard","meta":{"footnotes":""},"categories":[889],"tags":[],"class_list":["post-37364","post","type-post","status-publish","format-standard","has-post-thumbnail","hentry","category-festival"],"_links":{"self":[{"href":"https:\/\/letempsmag.ma\/index.php?rest_route=\/wp\/v2\/posts\/37364","targetHints":{"allow":["GET"]}}],"collection":[{"href":"https:\/\/letempsmag.ma\/index.php?rest_route=\/wp\/v2\/posts"}],"about":[{"href":"https:\/\/letempsmag.ma\/index.php?rest_route=\/wp\/v2\/types\/post"}],"author":[{"embeddable":true,"href":"https:\/\/letempsmag.ma\/index.php?rest_route=\/wp\/v2\/users\/9"}],"replies":[{"embeddable":true,"href":"https:\/\/letempsmag.ma\/index.php?rest_route=%2Fwp%2Fv2%2Fcomments&post=37364"}],"version-history":[{"count":1,"href":"https:\/\/letempsmag.ma\/index.php?rest_route=\/wp\/v2\/posts\/37364\/revisions"}],"predecessor-version":[{"id":37365,"href":"https:\/\/letempsmag.ma\/index.php?rest_route=\/wp\/v2\/posts\/37364\/revisions\/37365"}],"wp:featuredmedia":[{"embeddable":true,"href":"https:\/\/letempsmag.ma\/index.php?rest_route=\/wp\/v2\/media\/37348"}],"wp:attachment":[{"href":"https:\/\/letempsmag.ma\/index.php?rest_route=%2Fwp%2Fv2%2Fmedia&parent=37364"}],"wp:term":[{"taxonomy":"category","embeddable":true,"href":"https:\/\/letempsmag.ma\/index.php?rest_route=%2Fwp%2Fv2%2Fcategories&post=37364"},{"taxonomy":"post_tag","embeddable":true,"href":"https:\/\/letempsmag.ma\/index.php?rest_route=%2Fwp%2Fv2%2Ftags&post=37364"}],"curies":[{"name":"wp","href":"https:\/\/api.w.org\/{rel}","templated":true}]}}