{"id":37344,"date":"2025-07-28T08:30:00","date_gmt":"2025-07-28T07:30:00","guid":{"rendered":"https:\/\/letempsmag.ma\/?p=37344"},"modified":"2025-07-28T09:00:41","modified_gmt":"2025-07-28T08:00:41","slug":"la-vache-qui-rit-devient-fournisseur-officiel-de-la-can-2025-au-maroc","status":"publish","type":"post","link":"https:\/\/letempsmag.ma\/?p=37344","title":{"rendered":"La \u00abVache qui Rit\u00bb devient fournisseur officiel de la CAN 2025 au Maroc"},"content":{"rendered":"\n<p>\u00abLa Vache qui Rit\u00bb, marque embl\u00e9matique du groupe Bel, rejoint la Coupe d\u2019Afrique des Nations TotalEnergies Maroc 2025, en tant que fournisseur officiel. Un partenariat in\u00e9dit pour la marque centenaire qui s\u2019inscrit dans une dynamique \u00e0 la fois sportive, sociale et continentale.<\/p>\n\n\n\n<p>La signature officielle a eu lieu le 24 juillet courant \u00e0 Casablanca, en pr\u00e9sence de J\u00e9r\u00f4me Garbi, Directeur G\u00e9n\u00e9ral et Pr\u00e9sident Directeur G\u00e9n\u00e9ral de Global Cheese pour l\u2019Europe, l\u2019Afrique, le Moyen-Orient et Outre-Mer du groupe Bel, et de V\u00e9ron Mosengo-Omba, Secr\u00e9taire G\u00e9n\u00e9ral de la Conf\u00e9d\u00e9ration Africaine de Football (CAF).<\/p>\n\n\n\n<p>Pr\u00e9sente depuis plus de 60 ans en Afrique, \u00abLa Vache qui Rit\u00bb fait partie du quotidien de millions de foyers, notamment au Maroc o\u00f9 elle est produite localement dans l\u2019usine de Tanger. Adapt\u00e9e aux go\u00fbts et besoins nutritionnels des populations, elle est consomm\u00e9e aussi bien au petit-d\u00e9jeuner qu\u2019en snack ou dans des plats traditionnels.<\/p>\n\n\n\n<p>Au-del\u00e0 de la visibilit\u00e9 offerte par le tournoi footballistique, la marque d\u00e9ploie des actions \u00e0 impact social dans plusieurs pays du continent. Au Maroc, elle a distribu\u00e9 un million de portions de fromage \u00e0 travers l\u2019op\u00e9ration solidaire \u00abVQR For Good\u00bb, en partenariat avec SOS Villages d\u2019Enfants. En \u00c9gypte, elle soutient les enfants hospitalis\u00e9s \u00e0 Al-Nas avec des petits-d\u00e9jeuners fortifi\u00e9s. A Madagascar, elle alimente plus de 11.000 \u00e9l\u00e8ves via le programme \u00abLive and Give\u00bb.<\/p>\n\n\n\n<p>\u00abLa Vache qui Rit est une marque du partage, du lien et du sourire. Rejoindre la Coupe d\u2019Afrique des Nations 2025 est un prolongement naturel de notre mission. Cr\u00e9er du lien, soutenir les communaut\u00e9s et c\u00e9l\u00e9brer ce qui nous unit tous&nbsp;: la joie. Bien plus qu\u2019un sponsoring, il s\u2019agit d\u2019une c\u00e9l\u00e9bration du lien fort entre La Vache qui Rit et les familles africaines, autour d\u2019un langage universel&nbsp;: celui du football, du sourire et de la joie partag\u00e9e\u00bb, a d\u00e9clar\u00e9 J\u00e9r\u00f4me Garbi.<\/p>\n\n\n\n<p>Pour sa part, Mosengo-Omba a soulign\u00e9&nbsp;: \u00abAu nom du Pr\u00e9sident de la CAF, Dr Patrice Motsepe, nous souhaitons la bienvenue au groupe BEL et \u00e0 La Vache qui Rit dans la famille de la CAF. Nous sommes impatients de poursuivre ce partenariat avec eux\u00bb.<\/p>\n\n\n\n<p>Avec la CAN 2025, pr\u00e9vue au Maroc du 21 d\u00e9cembre 2025 au 18 janvier 2026, \u00abLa Vache qui Rit\u00bb compte ainsi partager sa joie avec des millions de supporters africains, dans les stades et hors des stades. Un engagement qui confirme la force du lien entre la marque et le continent.<\/p>\n\n\n\n<p><strong>L. F.<\/strong><\/p>\n","protected":false},"excerpt":{"rendered":"<p>\u00abLa Vache qui Rit\u00bb, marque embl\u00e9matique du groupe Bel, rejoint la Coupe d\u2019Afrique des Nations TotalEnergies Maroc 2025, en tant que fournisseur officiel. Un partenariat in\u00e9dit pour la marque centenaire qui s\u2019inscrit dans une dynamique \u00e0 la fois sportive, sociale et continentale. La signature officielle a eu lieu le 24 juillet courant \u00e0 Casablanca, en &hellip;<\/p>\n","protected":false},"author":9,"featured_media":37333,"comment_status":"open","ping_status":"closed","sticky":false,"template":"","format":"standard","meta":{"footnotes":""},"categories":[260],"tags":[],"class_list":["post-37344","post","type-post","status-publish","format-standard","has-post-thumbnail","hentry","category-marketing"],"_links":{"self":[{"href":"https:\/\/letempsmag.ma\/index.php?rest_route=\/wp\/v2\/posts\/37344","targetHints":{"allow":["GET"]}}],"collection":[{"href":"https:\/\/letempsmag.ma\/index.php?rest_route=\/wp\/v2\/posts"}],"about":[{"href":"https:\/\/letempsmag.ma\/index.php?rest_route=\/wp\/v2\/types\/post"}],"author":[{"embeddable":true,"href":"https:\/\/letempsmag.ma\/index.php?rest_route=\/wp\/v2\/users\/9"}],"replies":[{"embeddable":true,"href":"https:\/\/letempsmag.ma\/index.php?rest_route=%2Fwp%2Fv2%2Fcomments&post=37344"}],"version-history":[{"count":1,"href":"https:\/\/letempsmag.ma\/index.php?rest_route=\/wp\/v2\/posts\/37344\/revisions"}],"predecessor-version":[{"id":37345,"href":"https:\/\/letempsmag.ma\/index.php?rest_route=\/wp\/v2\/posts\/37344\/revisions\/37345"}],"wp:featuredmedia":[{"embeddable":true,"href":"https:\/\/letempsmag.ma\/index.php?rest_route=\/wp\/v2\/media\/37333"}],"wp:attachment":[{"href":"https:\/\/letempsmag.ma\/index.php?rest_route=%2Fwp%2Fv2%2Fmedia&parent=37344"}],"wp:term":[{"taxonomy":"category","embeddable":true,"href":"https:\/\/letempsmag.ma\/index.php?rest_route=%2Fwp%2Fv2%2Fcategories&post=37344"},{"taxonomy":"post_tag","embeddable":true,"href":"https:\/\/letempsmag.ma\/index.php?rest_route=%2Fwp%2Fv2%2Ftags&post=37344"}],"curies":[{"name":"wp","href":"https:\/\/api.w.org\/{rel}","templated":true}]}}