{"id":37278,"date":"2025-07-25T11:53:39","date_gmt":"2025-07-25T10:53:39","guid":{"rendered":"https:\/\/letempsmag.ma\/?p=37278"},"modified":"2025-07-25T11:53:39","modified_gmt":"2025-07-25T10:53:39","slug":"le-media-panarabe-wada7-fete-ses-5-ans","status":"publish","type":"post","link":"https:\/\/letempsmag.ma\/?p=37278","title":{"rendered":"Le m\u00e9dia panarabe \u00abWADA7\u00bb f\u00eate ses 5 ans"},"content":{"rendered":"\n<p>Cinq ans apr\u00e8s son lancement, \u00abWADA7\u00bb c\u00e9l\u00e8bre un anniversaire marquant&nbsp;: celui d\u2019un m\u00e9dia digital arabe devenu une r\u00e9f\u00e9rence incontournable sur les r\u00e9seaux sociaux pour la jeunesse de la r\u00e9gion MENA (Moyen Orient et Afrique du Nord). Avec plus de 20 millions de followers et 9 milliards de vues cumul\u00e9es, \u00abWADA7\u00bb incarne une nouvelle g\u00e9n\u00e9ration de m\u00e9dias&nbsp;: connect\u00e9s, inclusifs et r\u00e9solument tourn\u00e9s vers l\u2019avenir.&nbsp;<\/p>\n\n\n\n<p><strong><em>Une success story digitale panarabe<\/em><\/strong><\/p>\n\n\n\n<p>\u00abWADA7\u00bb a rapidement r\u00e9ussi \u00e0 s\u2019imposer comme un m\u00e9dia de proximit\u00e9, m\u00ealant divertissement, culture, tourisme, sport et actualit\u00e9s people. Pr\u00e9sent \u00e0 travers des d\u00e9clinaisons locales au Maroc, au Liban, en \u00c9gypte, dans les pays du Golfe, en France et en Afrique, le m\u00e9dia touche aujourd\u2019hui jusqu\u2019\u00e0 5% des jeunes arabophones chaque jour.<\/p>\n\n\n\n<p><strong><em>Une strat\u00e9gie ambitieuse pour l\u2019avenir&nbsp;<\/em><\/strong><\/p>\n\n\n\n<p>Apolitique et non confessionnel, \u00abWADA7\u00bb revendique une ligne \u00e9ditoriale ouverte et f\u00e9d\u00e9ratrice, avec pour mission de rapprocher les cultures et de c\u00e9l\u00e9brer les passions communes. Une approche qui s\u00e9duit particuli\u00e8rement le public f\u00e9minin, auquel le m\u00e9dia accorde une place importante.&nbsp;<\/p>\n\n\n\n<p>Fort de son impact actuel, le m\u00e9dia voit grand. L\u2019\u2019objectif pour les deux prochaines ann\u00e9es est de doubler sa port\u00e9e, atteindre plus de 40 millions d\u2019abonn\u00e9s et jusqu\u2019\u00e0 15% de l\u2019audience de la r\u00e9gion MENA, en consolidant son ancrage r\u00e9gional tout en continuant \u00e0 inspirer et engager ses followers.<\/p>\n\n\n\n<p><strong><em>Les cl\u00e9s du succ\u00e8s&nbsp;?<\/em><\/strong><\/p>\n\n\n\n<p>&#8211; Port\u00e9e exceptionnelle&nbsp;: une connexion quotidienne avec des millions de followers gr\u00e2ce \u00e0 des contenus vari\u00e9s, pertinents et centr\u00e9s sur les int\u00e9r\u00eats de son public.<\/p>\n\n\n\n<p>&#8211; Dialogue dynamique&nbsp;: une interaction permanente avec une communaut\u00e9 active, influen\u00e7ant les d\u00e9bats culturels et sociaux.<\/p>\n\n\n\n<p>&#8211; Unit\u00e9 et inspiration&nbsp;: un m\u00e9dia apolitique qui rassemble autour de valeurs positives.<\/p>\n\n\n\n<p>\u00c0 l\u2019aube de sa 6<sup>\u00e8me<\/sup> ann\u00e9e, \u00abWADA7\u00bb, s\u2019est impos\u00e9 comme un acteur-cl\u00e9 de l\u2019\u00e9cosyst\u00e8me m\u00e9diatique arabe, pr\u00eat \u00e0 fa\u00e7onner l\u2019avenir num\u00e9rique de la r\u00e9gion avec audace et cr\u00e9ativit\u00e9.&nbsp;<\/p>\n","protected":false},"excerpt":{"rendered":"<p>Cinq ans apr\u00e8s son lancement, \u00abWADA7\u00bb c\u00e9l\u00e8bre un anniversaire marquant&nbsp;: celui d\u2019un m\u00e9dia digital arabe devenu une r\u00e9f\u00e9rence incontournable sur les r\u00e9seaux sociaux pour la jeunesse de la r\u00e9gion MENA (Moyen Orient et Afrique du Nord). Avec plus de 20 millions de followers et 9 milliards de vues cumul\u00e9es, \u00abWADA7\u00bb incarne une nouvelle g\u00e9n\u00e9ration de &hellip;<\/p>\n","protected":false},"author":9,"featured_media":37271,"comment_status":"open","ping_status":"closed","sticky":false,"template":"","format":"standard","meta":{"footnotes":""},"categories":[103],"tags":[],"class_list":["post-37278","post","type-post","status-publish","format-standard","has-post-thumbnail","hentry","category-digital"],"_links":{"self":[{"href":"https:\/\/letempsmag.ma\/index.php?rest_route=\/wp\/v2\/posts\/37278","targetHints":{"allow":["GET"]}}],"collection":[{"href":"https:\/\/letempsmag.ma\/index.php?rest_route=\/wp\/v2\/posts"}],"about":[{"href":"https:\/\/letempsmag.ma\/index.php?rest_route=\/wp\/v2\/types\/post"}],"author":[{"embeddable":true,"href":"https:\/\/letempsmag.ma\/index.php?rest_route=\/wp\/v2\/users\/9"}],"replies":[{"embeddable":true,"href":"https:\/\/letempsmag.ma\/index.php?rest_route=%2Fwp%2Fv2%2Fcomments&post=37278"}],"version-history":[{"count":1,"href":"https:\/\/letempsmag.ma\/index.php?rest_route=\/wp\/v2\/posts\/37278\/revisions"}],"predecessor-version":[{"id":37281,"href":"https:\/\/letempsmag.ma\/index.php?rest_route=\/wp\/v2\/posts\/37278\/revisions\/37281"}],"wp:featuredmedia":[{"embeddable":true,"href":"https:\/\/letempsmag.ma\/index.php?rest_route=\/wp\/v2\/media\/37271"}],"wp:attachment":[{"href":"https:\/\/letempsmag.ma\/index.php?rest_route=%2Fwp%2Fv2%2Fmedia&parent=37278"}],"wp:term":[{"taxonomy":"category","embeddable":true,"href":"https:\/\/letempsmag.ma\/index.php?rest_route=%2Fwp%2Fv2%2Fcategories&post=37278"},{"taxonomy":"post_tag","embeddable":true,"href":"https:\/\/letempsmag.ma\/index.php?rest_route=%2Fwp%2Fv2%2Ftags&post=37278"}],"curies":[{"name":"wp","href":"https:\/\/api.w.org\/{rel}","templated":true}]}}