{"id":37267,"date":"2025-07-22T10:59:38","date_gmt":"2025-07-22T09:59:38","guid":{"rendered":"https:\/\/letempsmag.ma\/?p=37267"},"modified":"2025-07-22T10:59:38","modified_gmt":"2025-07-22T09:59:38","slug":"engagement-citoyen-au-maroc-une-jeunesse-prete-a-agir-mais-vaguement-desabusee","status":"publish","type":"post","link":"https:\/\/letempsmag.ma\/?p=37267","title":{"rendered":"Engagement citoyen au Maroc\u00a0: une jeunesse pr\u00eate \u00e0 agir, mais vaguement d\u00e9sabus\u00e9e"},"content":{"rendered":"\n<p>Loin des clich\u00e9s d\u2019une jeunesse d\u00e9sengag\u00e9e, un nouveau rapport de l\u2019Association Les Citoyens r\u00e9v\u00e8le un tableau nuanc\u00e9 et puissant de l\u2019engagement des jeunes Marocains. Volontaires mais d\u00e9sarm\u00e9s, mobilis\u00e9s mais invisibilis\u00e9s, ils appellent \u00e0 une d\u00e9mocratie plus accessible, inclusive et connect\u00e9e.<\/p>\n\n\n\n<p>Contrairement aux id\u00e9es re\u00e7ues, la jeunesse marocaine n\u2019est ni passive ni indiff\u00e9rente \u00e0 la chose publique. C\u2019est la principale conclusion du rapport \u00abComment les jeunes voient-ils l\u2019engagement citoyen&nbsp;?\u00bb, pr\u00e9sent\u00e9 le 17 juillet \u00e0 Casablanca par l\u2019Association Les Citoyens. Men\u00e9e pendant une ann\u00e9e dans les 12 r\u00e9gions du Royaume et impliquant plus de 1.100 jeunes, l\u2019\u00e9tude dresse le portrait d\u2019une g\u00e9n\u00e9ration avide d\u2019action mais confront\u00e9e \u00e0 un mur d\u2019incompr\u00e9hension institutionnelle.<\/p>\n\n\n\n<p>Alors que pr\u00e8s de 70% des jeunes interrog\u00e9s d\u00e9clarent ne pas faire confiance aux institutions, leur d\u00e9sir de participer demeure vivace&nbsp;: 60% souhaiteraient s\u2019engager davantage s\u2019ils en avaient les moyens. Mais leur participation reste cantonn\u00e9e \u00e0 des formes informelles, locales ou num\u00e9riques, souvent hors des radars des politiques publiques.<\/p>\n\n\n\n<p>Le rapport met en lumi\u00e8re un paradoxe criant&nbsp;: bien que la Constitution marocaine garantisse des dispositifs participatifs (p\u00e9titions, motions citoyennes, conseils consultatifs\u2026), ceux-ci demeurent largement inaccessibles. Leur complexit\u00e9, leur \u00e9loignement du terrain et l\u2019absence de retour institutionnel alimentent une frustration silencieuse. Pr\u00e8s de 48% des jeunes jugent ces outils peu efficaces, tandis que 42% n\u2019ont jamais pris part \u00e0 un m\u00e9canisme participatif.<\/p>\n\n\n\n<p>Les t\u00e9moignages collect\u00e9s lors des Caf\u00e9s Citoyens (rencontres locales organis\u00e9es par l\u2019Association) r\u00e9v\u00e8lent un profond sentiment de d\u00e9couragement&nbsp;: \u00abCe n\u2019est pas le d\u00e9sint\u00e9r\u00eat qui freine les jeunes, mais le manque de ponts concrets vers l\u2019action\u00bb, d\u00e9plore Zainab Cherrat, Ambassadrice Mentor de l\u2019ONG \u00e0 Rabat-Sal\u00e9-K\u00e9nitra.<\/p>\n\n\n\n<p>Le foss\u00e9 est aussi territorial. Dans les zones rurales, les douars ou les quartiers d\u00e9favoris\u00e9s, l\u2019acc\u00e8s aux institutions est souvent inexistant. R\u00e9sultat&nbsp;: une citoyennet\u00e9 \u00e0 deux vitesses, o\u00f9 seuls les jeunes socialement ou scolairement int\u00e9gr\u00e9s peuvent pr\u00e9tendre \u00e0 une participation reconnue.<\/p>\n\n\n\n<p>Dans ces contextes, l\u2019engagement prend des formes alternatives&nbsp;: entraide communautaire, actions \u00e9cologiques, mobilisations num\u00e9riques, ou sensibilisation en darija. Des dynamiques pr\u00e9cieuses mais rarement reconnues par les instances officielles.<\/p>\n\n\n\n<p>Avec 68% des jeunes utilisant les r\u00e9seaux sociaux pour aborder des sujets sociaux ou politiques, le digital s\u2019impose comme un levier majeur de participation. Pourtant, l\u2019administration publique y reste quasiment absente, et les plateformes officielles comme chikaya.ma sont jug\u00e9es inadapt\u00e9es, peu ergonomiques et trop \u00e9loign\u00e9es des usages des jeunes.<\/p>\n\n\n\n<p>\u00abOn fait beaucoup, mais personne ne le voit\u00bb, r\u00e9sume un participant, pointant le manque de reconnaissance institutionnelle des initiatives citoyennes en ligne. Un d\u00e9couragement renforc\u00e9 par la fracture num\u00e9rique dans les zones rurales et l\u2019absence de soutien aux cr\u00e9ateurs de contenu citoyen.<\/p>\n\n\n\n<p>L\u2019\u00e9tude ne se contente pas de dresser un constat alarmant. Elle propose des pistes ambitieuses, inspir\u00e9es d\u2019exp\u00e9riences internationales, pour reconnecter les jeunes aux institutions&nbsp;: activer les Conseils consultatifs de la jeunesse dans les communes, cr\u00e9er des Fonds r\u00e9gionaux pour soutenir les projets citoyens informels, int\u00e9grer une \u00e9ducation civique pratique dans les programmes scolaires d\u00e8s le coll\u00e8ge, transformer les maisons des jeunes en hubs civiques, lancer une campagne nationale de valorisation de l\u2019engagement jeune&nbsp;: \u00abLes jeunes changent le Maroc\u00bb.<\/p>\n\n\n\n<p>Sur le plan num\u00e9rique, les auteurs recommandent \u00e9galement la cr\u00e9ation d\u2019un observatoire national de l\u2019engagement num\u00e9rique, la refonte des plateformes institutionnelles en interfaces mobiles multilingues (arabe, amazighe et darija), la mise en place de programmes \u00abWi-Fi Citoyen\u00bb et d\u2019ateliers d\u2019E-participation en zones enclav\u00e9es, le financement d\u2019un Fonds pour les m\u00e9dias citoyens jeunes&#8230;<\/p>\n\n\n\n<p>\u00abLa jeunesse marocaine n\u2019est pas d\u00e9sengag\u00e9e, elle est en mutation\u00bb, conclut le rapport. Elle ne rejette pas la d\u00e9mocratie, elle exige qu\u2019on la r\u00e9invente&nbsp;: plus simple, plus transparente, plus \u00e9quitable. Pour Les Citoyens, il ne s\u2019agit plus seulement d\u2019inviter les jeunes \u00e0 voter tous les cinq ans, mais de les associer pleinement \u00e0 la construction quotidienne du pays.<\/p>\n\n\n\n<p><strong>L. F.<\/strong><\/p>\n","protected":false},"excerpt":{"rendered":"<p>Loin des clich\u00e9s d\u2019une jeunesse d\u00e9sengag\u00e9e, un nouveau rapport de l\u2019Association Les Citoyens r\u00e9v\u00e8le un tableau nuanc\u00e9 et puissant de l\u2019engagement des jeunes Marocains. Volontaires mais d\u00e9sarm\u00e9s, mobilis\u00e9s mais invisibilis\u00e9s, ils appellent \u00e0 une d\u00e9mocratie plus accessible, inclusive et connect\u00e9e. Contrairement aux id\u00e9es re\u00e7ues, la jeunesse marocaine n\u2019est ni passive ni indiff\u00e9rente \u00e0 la chose &hellip;<\/p>\n","protected":false},"author":9,"featured_media":37252,"comment_status":"open","ping_status":"closed","sticky":false,"template":"","format":"standard","meta":{"footnotes":""},"categories":[204],"tags":[],"class_list":["post-37267","post","type-post","status-publish","format-standard","has-post-thumbnail","hentry","category-debat-2"],"_links":{"self":[{"href":"https:\/\/letempsmag.ma\/index.php?rest_route=\/wp\/v2\/posts\/37267","targetHints":{"allow":["GET"]}}],"collection":[{"href":"https:\/\/letempsmag.ma\/index.php?rest_route=\/wp\/v2\/posts"}],"about":[{"href":"https:\/\/letempsmag.ma\/index.php?rest_route=\/wp\/v2\/types\/post"}],"author":[{"embeddable":true,"href":"https:\/\/letempsmag.ma\/index.php?rest_route=\/wp\/v2\/users\/9"}],"replies":[{"embeddable":true,"href":"https:\/\/letempsmag.ma\/index.php?rest_route=%2Fwp%2Fv2%2Fcomments&post=37267"}],"version-history":[{"count":1,"href":"https:\/\/letempsmag.ma\/index.php?rest_route=\/wp\/v2\/posts\/37267\/revisions"}],"predecessor-version":[{"id":37268,"href":"https:\/\/letempsmag.ma\/index.php?rest_route=\/wp\/v2\/posts\/37267\/revisions\/37268"}],"wp:featuredmedia":[{"embeddable":true,"href":"https:\/\/letempsmag.ma\/index.php?rest_route=\/wp\/v2\/media\/37252"}],"wp:attachment":[{"href":"https:\/\/letempsmag.ma\/index.php?rest_route=%2Fwp%2Fv2%2Fmedia&parent=37267"}],"wp:term":[{"taxonomy":"category","embeddable":true,"href":"https:\/\/letempsmag.ma\/index.php?rest_route=%2Fwp%2Fv2%2Fcategories&post=37267"},{"taxonomy":"post_tag","embeddable":true,"href":"https:\/\/letempsmag.ma\/index.php?rest_route=%2Fwp%2Fv2%2Ftags&post=37267"}],"curies":[{"name":"wp","href":"https:\/\/api.w.org\/{rel}","templated":true}]}}