{"id":37243,"date":"2025-07-21T11:45:54","date_gmt":"2025-07-21T10:45:54","guid":{"rendered":"https:\/\/letempsmag.ma\/?p=37243"},"modified":"2025-07-21T11:45:54","modified_gmt":"2025-07-21T10:45:54","slug":"la-coupe-du-monde-2030-generera-au-maroc-plus-de-100-000-emplois-par-an","status":"publish","type":"post","link":"https:\/\/letempsmag.ma\/?p=37243","title":{"rendered":"La Coupe du Monde 2030 g\u00e9n\u00e9rera au Maroc plus de 100.000 emplois par an"},"content":{"rendered":"\n<p>L\u2019organisation conjointe de la Coupe du monde de football 2030 par le Maroc, l\u2019Espagne et le Portugal g\u00e9n\u00e9rerait plus de 100.000 emplois chaque ann\u00e9e, a indiqu\u00e9 vendredi dernier \u00e0 Rabat, la Ministre de l\u2019\u00c9conomie et des Finances, Nadia Fettah. \u00abL\u2019impact \u00e9conomique de la co-organisation de la Coupe du monde 2030 a \u00e9t\u00e9 rigoureusement mod\u00e9lis\u00e9, pr\u00e9voyant une croissance suppl\u00e9mentaire de 1,7% et la cr\u00e9ation de plus de 100.000 emplois par an. Mais l\u2019essentiel est de garantir que cette dynamique soit concr\u00e8te et b\u00e9n\u00e9fique pour toutes les parties prenantes\u00bb, a d\u00e9clar\u00e9 la Ministre lors de la r\u00e9cente 8<sup>\u00e8me<\/sup> \u00e9dition du \u00abMorocco Today Forum\u00bb, organis\u00e9 sous le haut patronage du Souverain.<\/p>\n\n\n\n<p>Cette dynamique, a ajout\u00e9 la Ministre, repr\u00e9sente une opportunit\u00e9 non seulement pour les grandes entreprises marocaines qui ont d\u00e9j\u00e0 l\u2019envergure n\u00e9cessaire pour acc\u00e9l\u00e9rer leur croissance, mais aussi pour les petites et moyennes entreprises, qui doivent \u00eatre pleinement int\u00e9gr\u00e9es au processus de transformation pour en tirer profit et \u00e9voluer. \u00abCe que nous vivons aujourd\u2019hui est une autoroute de transformation pour notre pays, non pas en 2030, mais \u00e0 partir de maintenant, au service d\u2019un avenir plus inclusif\u00bb, a-t-elle soulign\u00e9.<\/p>\n","protected":false},"excerpt":{"rendered":"<p>L\u2019organisation conjointe de la Coupe du monde de football 2030 par le Maroc, l\u2019Espagne et le Portugal g\u00e9n\u00e9rerait plus de 100.000 emplois chaque ann\u00e9e, a indiqu\u00e9 vendredi dernier \u00e0 Rabat, la Ministre de l\u2019\u00c9conomie et des Finances, Nadia Fettah. \u00abL\u2019impact \u00e9conomique de la co-organisation de la Coupe du monde 2030 a \u00e9t\u00e9 rigoureusement mod\u00e9lis\u00e9, pr\u00e9voyant &hellip;<\/p>\n","protected":false},"author":9,"featured_media":37225,"comment_status":"open","ping_status":"closed","sticky":false,"template":"","format":"standard","meta":{"footnotes":""},"categories":[196],"tags":[],"class_list":["post-37243","post","type-post","status-publish","format-standard","has-post-thumbnail","hentry","category-developpement"],"_links":{"self":[{"href":"https:\/\/letempsmag.ma\/index.php?rest_route=\/wp\/v2\/posts\/37243","targetHints":{"allow":["GET"]}}],"collection":[{"href":"https:\/\/letempsmag.ma\/index.php?rest_route=\/wp\/v2\/posts"}],"about":[{"href":"https:\/\/letempsmag.ma\/index.php?rest_route=\/wp\/v2\/types\/post"}],"author":[{"embeddable":true,"href":"https:\/\/letempsmag.ma\/index.php?rest_route=\/wp\/v2\/users\/9"}],"replies":[{"embeddable":true,"href":"https:\/\/letempsmag.ma\/index.php?rest_route=%2Fwp%2Fv2%2Fcomments&post=37243"}],"version-history":[{"count":1,"href":"https:\/\/letempsmag.ma\/index.php?rest_route=\/wp\/v2\/posts\/37243\/revisions"}],"predecessor-version":[{"id":37244,"href":"https:\/\/letempsmag.ma\/index.php?rest_route=\/wp\/v2\/posts\/37243\/revisions\/37244"}],"wp:featuredmedia":[{"embeddable":true,"href":"https:\/\/letempsmag.ma\/index.php?rest_route=\/wp\/v2\/media\/37225"}],"wp:attachment":[{"href":"https:\/\/letempsmag.ma\/index.php?rest_route=%2Fwp%2Fv2%2Fmedia&parent=37243"}],"wp:term":[{"taxonomy":"category","embeddable":true,"href":"https:\/\/letempsmag.ma\/index.php?rest_route=%2Fwp%2Fv2%2Fcategories&post=37243"},{"taxonomy":"post_tag","embeddable":true,"href":"https:\/\/letempsmag.ma\/index.php?rest_route=%2Fwp%2Fv2%2Ftags&post=37243"}],"curies":[{"name":"wp","href":"https:\/\/api.w.org\/{rel}","templated":true}]}}