{"id":37219,"date":"2025-07-18T19:30:55","date_gmt":"2025-07-18T18:30:55","guid":{"rendered":"https:\/\/letempsmag.ma\/?p=37219"},"modified":"2025-07-18T19:30:55","modified_gmt":"2025-07-18T18:30:55","slug":"adieu-coeur-de-lion","status":"publish","type":"post","link":"https:\/\/letempsmag.ma\/?p=37219","title":{"rendered":"Adieu C\u0153ur de Lion\u00a0!"},"content":{"rendered":"\n<p class=\"has-text-align-center\"><strong>Par HASSAN EL ARCH<\/strong><\/p>\n\n\n\n<p class=\"has-text-align-center\"><strong>Directeur de la R\u00e9daction<\/strong><\/p>\n\n\n\n<p class=\"has-text-align-center\"><strong>direction@letempsmag.ma<\/strong><\/p>\n\n\n\n<p>Il nous a quitt\u00e9s le mercredi 18 juillet courant, \u00e0 l\u2019\u00e2ge de 78 ans, des suites d\u2019une longue maladie. Sa disparition a attrist\u00e9 des millions de personnes au Maroc comme \u00e0 l\u2019\u00e9tranger. Feu Ahmed Faras a perdu son dernier \u00abmatch\u00bb contre le destin commun de toute l\u2019humanit\u00e9. \u00c0 Dieu nous sommes et \u00e0 Lui nous retournons.<\/p>\n\n\n\n<p>C\u2019\u00e9tait un Lion de l\u2019Atlas avant l\u2019heure. Il rugissait comme personne lorsqu\u2019il s\u2019agissait de porter haut et fort sa fiert\u00e9 du Maroc et son amour pour le drapeau rouge et vert. Oui, c\u2019\u00e9tait un fauve sur le terrain. On le surnommait souvent \u00able bombardier de Mohammedia\u00bb, sa ville nourrici\u00e8re. Il avait, \u00e0 la place du pied, un canon de gros calibre. De grands portiers au Maroc et \u00e0 l\u2019\u00e9tranger en ont fait l\u2018exp\u00e9rience\u2026<\/p>\n\n\n\n<p>Le d\u00e9funt, une des l\u00e9gendes du football marocain et africain, avait port\u00e9, de nombreuses ann\u00e9es, les couleurs de la s\u00e9lection marocaine et avait m\u00eame \u00e9t\u00e9 l\u2019un des h\u00e9ros du sacre des Lions de l\u2019Atlas en 1976, lors de la Coupe d\u2019Afrique des Nations de football, jou\u00e9e en terre \u00e9thiopienne. Le seul titre, \u00e0 ce jour, dans l\u2019escarcelle du Maroc\u2026 La m\u00eame ann\u00e9e, il a \u00e9t\u00e9 adoub\u00e9 Ballon d\u2019Or africain. Le tout premier laurier continental dans les annales du football au Maroc. C\u2019est tout dire\u2026<\/p>\n\n\n\n<p>Joueur vedette du club Chabab Mohammedia, il a \u00e9t\u00e9 d\u00e9sign\u00e9 meilleur buteur des championnats en 1969 et en 1973 et a remport\u00e9 la Coupe du Tr\u00f4ne \u00e0 deux reprises, en 1972 et 1975. Il avait un charisme rare sur le terrain, portait fi\u00e8rement son brassard de capitaine et f\u00e9d\u00e9rait comme personne ses co\u00e9quipiers, au club de sa ville natale comme au sein du Onze national.<\/p>\n\n\n\n<p>Comme d\u2019autres stars du ballon rond au Maroc, au cours des ann\u00e9es 60, 70 et 80 du si\u00e8cle dernier, Feu Ahmed Faras n\u2019a pas connu la gloire g\u00e9n\u00e9r\u00e9e par le marketing de l\u2019image, la manne financi\u00e8re qui l\u2019accompagne et l\u2019ampleur des audiences sur les r\u00e9seaux sociaux qu\u2019on voit aujourd\u2019hui. \u00c0 l\u2019image d\u2019un Larbi Ben Barek ou d\u2019un Mohamed Bouassa, il avait toujours mouill\u00e9 son maillot avec une rare dignit\u00e9, sans jamais prendre la posture de la star. Son esprit de l\u2019id\u00e9al collectif \u00e9tait exemplaire.<\/p>\n\n\n\n<p>S.M. le Roi Mohammed VI a adress\u00e9 un message de condol\u00e9ances et de compassion \u00e0 la famille Faras, suite \u00e0 cette triste disparition. Le Souverain dit avoir appris avec une grande \u00e9motion et une profonde affliction la nouvelle du d\u00e9c\u00e8s de l\u2019ancien international. Des condol\u00e9ances Royales \u00e9mouvantes car elles mettent le curseur sur le football marocain et sur l\u2019un des meilleurs buteurs internationaux de son histoire. Il a contribu\u00e9, gr\u00e2ce \u00e0 son talent exceptionnel, au rayonnement du football national sous d\u2019autres latitudes. Pour son jubil\u00e9 en 2019, des ic\u00f4nes internationales du football \u00e9taient venues au Maroc rendre hommage \u00e0 sa formidable carrure&nbsp;: Rivaldo, Milla, Cafu, Anderson\u2026 le N\u00e9erlandais Johann Cruyff, une des l\u00e9gendes mondiales de l\u2019\u00e9poque, n\u2019avait pas tari d\u2019\u00e9loges sur le Lion de l\u2019Atlas, immortalisant sa rencontre avec Feu Ahmed Faras par une photo rest\u00e9e dans les archives de la FIFA pour la post\u00e9rit\u00e9.<\/p>\n\n\n\n<p>Adieu Si Ahmed. Respect \u00e9ternel.<\/p>\n","protected":false},"excerpt":{"rendered":"<p>Par HASSAN EL ARCH Directeur de la R\u00e9daction direction@letempsmag.ma Il nous a quitt\u00e9s le mercredi 18 juillet courant, \u00e0 l\u2019\u00e2ge de 78 ans, des suites d\u2019une longue maladie. Sa disparition a attrist\u00e9 des millions de personnes au Maroc comme \u00e0 l\u2019\u00e9tranger. Feu Ahmed Faras a perdu son dernier \u00abmatch\u00bb contre le destin commun de toute &hellip;<\/p>\n","protected":false},"author":9,"featured_media":30319,"comment_status":"open","ping_status":"closed","sticky":false,"template":"","format":"standard","meta":{"footnotes":""},"categories":[44],"tags":[],"class_list":["post-37219","post","type-post","status-publish","format-standard","has-post-thumbnail","hentry","category-edito"],"_links":{"self":[{"href":"https:\/\/letempsmag.ma\/index.php?rest_route=\/wp\/v2\/posts\/37219","targetHints":{"allow":["GET"]}}],"collection":[{"href":"https:\/\/letempsmag.ma\/index.php?rest_route=\/wp\/v2\/posts"}],"about":[{"href":"https:\/\/letempsmag.ma\/index.php?rest_route=\/wp\/v2\/types\/post"}],"author":[{"embeddable":true,"href":"https:\/\/letempsmag.ma\/index.php?rest_route=\/wp\/v2\/users\/9"}],"replies":[{"embeddable":true,"href":"https:\/\/letempsmag.ma\/index.php?rest_route=%2Fwp%2Fv2%2Fcomments&post=37219"}],"version-history":[{"count":1,"href":"https:\/\/letempsmag.ma\/index.php?rest_route=\/wp\/v2\/posts\/37219\/revisions"}],"predecessor-version":[{"id":37220,"href":"https:\/\/letempsmag.ma\/index.php?rest_route=\/wp\/v2\/posts\/37219\/revisions\/37220"}],"wp:featuredmedia":[{"embeddable":true,"href":"https:\/\/letempsmag.ma\/index.php?rest_route=\/wp\/v2\/media\/30319"}],"wp:attachment":[{"href":"https:\/\/letempsmag.ma\/index.php?rest_route=%2Fwp%2Fv2%2Fmedia&parent=37219"}],"wp:term":[{"taxonomy":"category","embeddable":true,"href":"https:\/\/letempsmag.ma\/index.php?rest_route=%2Fwp%2Fv2%2Fcategories&post=37219"},{"taxonomy":"post_tag","embeddable":true,"href":"https:\/\/letempsmag.ma\/index.php?rest_route=%2Fwp%2Fv2%2Ftags&post=37219"}],"curies":[{"name":"wp","href":"https:\/\/api.w.org\/{rel}","templated":true}]}}