{"id":37170,"date":"2025-07-17T11:39:10","date_gmt":"2025-07-17T10:39:10","guid":{"rendered":"https:\/\/letempsmag.ma\/?p=37170"},"modified":"2025-07-17T11:39:10","modified_gmt":"2025-07-17T10:39:10","slug":"um6p-un-dialogue-strategique-avec-des-talents-marocains-en-norvege","status":"publish","type":"post","link":"https:\/\/letempsmag.ma\/?p=37170","title":{"rendered":"UM6P\u00a0: un dialogue strat\u00e9gique avec des talents marocains en Norv\u00e8ge"},"content":{"rendered":"\n<p>Un dialogue strat\u00e9gique entre des repr\u00e9sentants de l\u2019Universit\u00e9 Mohammed VI Polytechnique (UM6P) et des talents marocains bas\u00e9s en Norv\u00e8ge a eu lieu lundi dernier dans la capitale Oslo. Soutenu par l&#8217;ambassade du Maroc en Norv\u00e8ge, l&#8217;\u00e9v\u00e9nement a servi de pont entre la diaspora marocaine et l&#8217;UM6P, l&#8217;universit\u00e9 saisissant l&#8217;\u00e9v\u00e9nement comme une plateforme pour partager sa vision en tant qu&#8217;acteur majeur de la recherche-d\u00e9veloppement (R&amp;D) et de l&#8217;innovation en Afrique, indique un communiqu\u00e9 de l&#8217;Universit\u00e9.<\/p>\n\n\n\n<p>Lors de cet \u00e9v\u00e9nement, l&#8217;UM6P a eu des \u00e9changes avec des professionnels marocains actifs dans diff\u00e9rents secteurs, notamment la transition \u00e9nerg\u00e9tique, les technologies de l&#8217;information, la sant\u00e9 et d&#8217;autres secteurs industriels identifi\u00e9s comme prioritaires pour le d\u00e9veloppement du pays.<\/p>\n\n\n\n<p>\u00abCes \u00e9changes ont permis d\u2019identifier des dispositifs concrets pour soutenir l\u2019insertion professionnelle, le transfert de comp\u00e9tences et le co-d\u00e9veloppement de projets d\u2019innovation\u00bb, indique l\u2019UM6P dans un communiqu\u00e9.<\/p>\n","protected":false},"excerpt":{"rendered":"<p>Un dialogue strat\u00e9gique entre des repr\u00e9sentants de l\u2019Universit\u00e9 Mohammed VI Polytechnique (UM6P) et des talents marocains bas\u00e9s en Norv\u00e8ge a eu lieu lundi dernier dans la capitale Oslo. Soutenu par l&#8217;ambassade du Maroc en Norv\u00e8ge, l&#8217;\u00e9v\u00e9nement a servi de pont entre la diaspora marocaine et l&#8217;UM6P, l&#8217;universit\u00e9 saisissant l&#8217;\u00e9v\u00e9nement comme une plateforme pour partager sa &hellip;<\/p>\n","protected":false},"author":9,"featured_media":37142,"comment_status":"open","ping_status":"closed","sticky":false,"template":"","format":"standard","meta":{"footnotes":""},"categories":[293],"tags":[],"class_list":["post-37170","post","type-post","status-publish","format-standard","has-post-thumbnail","hentry","category-rd-r-d"],"_links":{"self":[{"href":"https:\/\/letempsmag.ma\/index.php?rest_route=\/wp\/v2\/posts\/37170","targetHints":{"allow":["GET"]}}],"collection":[{"href":"https:\/\/letempsmag.ma\/index.php?rest_route=\/wp\/v2\/posts"}],"about":[{"href":"https:\/\/letempsmag.ma\/index.php?rest_route=\/wp\/v2\/types\/post"}],"author":[{"embeddable":true,"href":"https:\/\/letempsmag.ma\/index.php?rest_route=\/wp\/v2\/users\/9"}],"replies":[{"embeddable":true,"href":"https:\/\/letempsmag.ma\/index.php?rest_route=%2Fwp%2Fv2%2Fcomments&post=37170"}],"version-history":[{"count":1,"href":"https:\/\/letempsmag.ma\/index.php?rest_route=\/wp\/v2\/posts\/37170\/revisions"}],"predecessor-version":[{"id":37171,"href":"https:\/\/letempsmag.ma\/index.php?rest_route=\/wp\/v2\/posts\/37170\/revisions\/37171"}],"wp:featuredmedia":[{"embeddable":true,"href":"https:\/\/letempsmag.ma\/index.php?rest_route=\/wp\/v2\/media\/37142"}],"wp:attachment":[{"href":"https:\/\/letempsmag.ma\/index.php?rest_route=%2Fwp%2Fv2%2Fmedia&parent=37170"}],"wp:term":[{"taxonomy":"category","embeddable":true,"href":"https:\/\/letempsmag.ma\/index.php?rest_route=%2Fwp%2Fv2%2Fcategories&post=37170"},{"taxonomy":"post_tag","embeddable":true,"href":"https:\/\/letempsmag.ma\/index.php?rest_route=%2Fwp%2Fv2%2Ftags&post=37170"}],"curies":[{"name":"wp","href":"https:\/\/api.w.org\/{rel}","templated":true}]}}