{"id":37168,"date":"2025-07-17T11:37:49","date_gmt":"2025-07-17T10:37:49","guid":{"rendered":"https:\/\/letempsmag.ma\/?p=37168"},"modified":"2025-07-17T11:37:49","modified_gmt":"2025-07-17T10:37:49","slug":"indh-des-caravanes-multidisciplinaires-pour-le-milieu-rural","status":"publish","type":"post","link":"https:\/\/letempsmag.ma\/?p=37168","title":{"rendered":"INDH\u00a0: des Caravanes multidisciplinaires pour le milieu rural"},"content":{"rendered":"\n<p>Dans le cadre de la mise en \u0153uvre du programme INDH (Initiative Nationale pour le D\u00e9veloppement Humain) relatif \u00e0 l&#8217;impulsion du capital humain des g\u00e9n\u00e9rations montantes, la Pr\u00e9fecture de Marrakech a organis\u00e9 r\u00e9cemment un important \u00e9v\u00e9nement. En partenariat avec la Direction R\u00e9gionale et la D\u00e9l\u00e9gation Provinciale de la Sant\u00e9 et de la Protection sociale, le Centre Hospitalier Universitaire Mohammed VI, le Croissant-Rouge Marocain et l\u2019Association de Soutien aux Initiatives de D\u00e9veloppement, une s\u00e9rie de caravanes m\u00e9dicales ont, en effet, \u00e9t\u00e9 organis\u00e9es au profit des populations rurales de Collectivit\u00e9s territoriales cibl\u00e9es.<\/p>\n\n\n\n<p>Rappelons que depuis le 7 d\u00e9cembre 2024 et jusqu\u2019au 12 juin 2025, 10 caravanes m\u00e9dicales ont \u00e9t\u00e9 d\u00e9ploy\u00e9es dans 10 Communes rurales parmi les 13 pr\u00e9vues initialement. Les Communes b\u00e9n\u00e9ficiaires sont&nbsp;: Ouled Dlim, Tassoultante, Ouled Hassoun, Sa\u00e2da, Harbil, Ouidane, A\u00eft Imour, Sidi Zouine, M\u00e9nara et Loudaya.<\/p>\n\n\n\n<p>Ces caravanes ont permis d\u2019apporter des soins m\u00e9dicaux \u00e0 6.533 b\u00e9n\u00e9ficiaires, en mettant l\u2019accent sur la sant\u00e9 infantile et maternelle. Un accompagnement particulier a \u00e9t\u00e9 r\u00e9serv\u00e9 aux femmes enceintes, avec des actions de sensibilisation \u00e0 l\u2019importance du suivi pr\u00e9natal, de l\u2019accouchement en milieu surveill\u00e9, de l\u2019allaitement maternel, de la nutrition \u00e9quilibr\u00e9e et de la planification familiale.<\/p>\n\n\n\n<p>L\u2019objectif principal de cette initiative&nbsp;: rapprocher les services de sant\u00e9 essentiels au profit des populations rurales, de renforcer l\u2019acc\u00e8s \u00e9quitable aux soins et de contribuer \u00e0 la d\u00e9tection pr\u00e9coce de maladies ainsi qu\u2019\u00e0 leur prise en charge.<\/p>\n","protected":false},"excerpt":{"rendered":"<p>Dans le cadre de la mise en \u0153uvre du programme INDH (Initiative Nationale pour le D\u00e9veloppement Humain) relatif \u00e0 l&#8217;impulsion du capital humain des g\u00e9n\u00e9rations montantes, la Pr\u00e9fecture de Marrakech a organis\u00e9 r\u00e9cemment un important \u00e9v\u00e9nement. En partenariat avec la Direction R\u00e9gionale et la D\u00e9l\u00e9gation Provinciale de la Sant\u00e9 et de la Protection sociale, le &hellip;<\/p>\n","protected":false},"author":9,"featured_media":37141,"comment_status":"open","ping_status":"closed","sticky":false,"template":"","format":"standard","meta":{"footnotes":""},"categories":[26],"tags":[],"class_list":["post-37168","post","type-post","status-publish","format-standard","has-post-thumbnail","hentry","category-sante"],"_links":{"self":[{"href":"https:\/\/letempsmag.ma\/index.php?rest_route=\/wp\/v2\/posts\/37168","targetHints":{"allow":["GET"]}}],"collection":[{"href":"https:\/\/letempsmag.ma\/index.php?rest_route=\/wp\/v2\/posts"}],"about":[{"href":"https:\/\/letempsmag.ma\/index.php?rest_route=\/wp\/v2\/types\/post"}],"author":[{"embeddable":true,"href":"https:\/\/letempsmag.ma\/index.php?rest_route=\/wp\/v2\/users\/9"}],"replies":[{"embeddable":true,"href":"https:\/\/letempsmag.ma\/index.php?rest_route=%2Fwp%2Fv2%2Fcomments&post=37168"}],"version-history":[{"count":1,"href":"https:\/\/letempsmag.ma\/index.php?rest_route=\/wp\/v2\/posts\/37168\/revisions"}],"predecessor-version":[{"id":37169,"href":"https:\/\/letempsmag.ma\/index.php?rest_route=\/wp\/v2\/posts\/37168\/revisions\/37169"}],"wp:featuredmedia":[{"embeddable":true,"href":"https:\/\/letempsmag.ma\/index.php?rest_route=\/wp\/v2\/media\/37141"}],"wp:attachment":[{"href":"https:\/\/letempsmag.ma\/index.php?rest_route=%2Fwp%2Fv2%2Fmedia&parent=37168"}],"wp:term":[{"taxonomy":"category","embeddable":true,"href":"https:\/\/letempsmag.ma\/index.php?rest_route=%2Fwp%2Fv2%2Fcategories&post=37168"},{"taxonomy":"post_tag","embeddable":true,"href":"https:\/\/letempsmag.ma\/index.php?rest_route=%2Fwp%2Fv2%2Ftags&post=37168"}],"curies":[{"name":"wp","href":"https:\/\/api.w.org\/{rel}","templated":true}]}}