{"id":37164,"date":"2025-07-17T11:36:00","date_gmt":"2025-07-17T10:36:00","guid":{"rendered":"https:\/\/letempsmag.ma\/?p=37164"},"modified":"2025-07-17T11:36:00","modified_gmt":"2025-07-17T10:36:00","slug":"le-festival-des-plages-maroc-telecom-demarre-en-trombe-a-mdiq","status":"publish","type":"post","link":"https:\/\/letempsmag.ma\/?p=37164","title":{"rendered":"Le Festival des Plages Maroc Telecom d\u00e9marre en trombe \u00e0 M\u2019diq"},"content":{"rendered":"\n<p>Le Festival des Plages Maroc Telecom a d\u00e9marr\u00e9 en beaut\u00e9 le mardi 15 dernier \u00e0 M\u2019diq, avec une soir\u00e9e d\u2019ouverture chaleureuse et festive, marqu\u00e9e par une forte affluence du public venu nombreux c\u00e9l\u00e9brer le d\u00e9but de cette nouvelle \u00e9dition.<\/p>\n\n\n\n<p>Comme le veut la tradition, c\u2019est un artiste local qui a eu l\u2019honneur d\u2019ouvrir la sc\u00e8ne&nbsp;: le groupe A\u00efta Jabalya, originaire de Chefchaouen, a en effet transport\u00e9 le public avec un r\u00e9pertoire ancr\u00e9 dans le patrimoine du Nord. Ensuite, il a c\u00e9d\u00e9 l sc\u00e8ne \u00e0 Sa\u00efd Mosker, dont les chansons embl\u00e9matiques ont fait chanter et danser toute la plage.<\/p>\n\n\n\n<p>Des familles, des jeunes, des passionn\u00e9s de musique et de nombreuses figures locales ont profit\u00e9 d\u2019une ambiance conviviale, port\u00e9e par un dispositif sc\u00e9nique de qualit\u00e9 et une organisation parfaitement rod\u00e9e.<\/p>\n\n\n\n<p>Le Festival des Plages Maroc Telecom s\u2019impose, une fois de plus, comme le rendez-vous musical grand public de l\u2019\u00e9t\u00e9, gratuit et accessible \u00e0 tous, au c\u0153ur des plus belles villes c\u00f4ti\u00e8res du Royaume. (Photo&nbsp;: Hespress).<\/p>\n","protected":false},"excerpt":{"rendered":"<p>Le Festival des Plages Maroc Telecom a d\u00e9marr\u00e9 en beaut\u00e9 le mardi 15 dernier \u00e0 M\u2019diq, avec une soir\u00e9e d\u2019ouverture chaleureuse et festive, marqu\u00e9e par une forte affluence du public venu nombreux c\u00e9l\u00e9brer le d\u00e9but de cette nouvelle \u00e9dition. Comme le veut la tradition, c\u2019est un artiste local qui a eu l\u2019honneur d\u2019ouvrir la sc\u00e8ne&nbsp;: &hellip;<\/p>\n","protected":false},"author":9,"featured_media":37147,"comment_status":"open","ping_status":"closed","sticky":false,"template":"","format":"standard","meta":{"footnotes":""},"categories":[109],"tags":[],"class_list":["post-37164","post","type-post","status-publish","format-standard","has-post-thumbnail","hentry","category-divertissement"],"_links":{"self":[{"href":"https:\/\/letempsmag.ma\/index.php?rest_route=\/wp\/v2\/posts\/37164","targetHints":{"allow":["GET"]}}],"collection":[{"href":"https:\/\/letempsmag.ma\/index.php?rest_route=\/wp\/v2\/posts"}],"about":[{"href":"https:\/\/letempsmag.ma\/index.php?rest_route=\/wp\/v2\/types\/post"}],"author":[{"embeddable":true,"href":"https:\/\/letempsmag.ma\/index.php?rest_route=\/wp\/v2\/users\/9"}],"replies":[{"embeddable":true,"href":"https:\/\/letempsmag.ma\/index.php?rest_route=%2Fwp%2Fv2%2Fcomments&post=37164"}],"version-history":[{"count":1,"href":"https:\/\/letempsmag.ma\/index.php?rest_route=\/wp\/v2\/posts\/37164\/revisions"}],"predecessor-version":[{"id":37165,"href":"https:\/\/letempsmag.ma\/index.php?rest_route=\/wp\/v2\/posts\/37164\/revisions\/37165"}],"wp:featuredmedia":[{"embeddable":true,"href":"https:\/\/letempsmag.ma\/index.php?rest_route=\/wp\/v2\/media\/37147"}],"wp:attachment":[{"href":"https:\/\/letempsmag.ma\/index.php?rest_route=%2Fwp%2Fv2%2Fmedia&parent=37164"}],"wp:term":[{"taxonomy":"category","embeddable":true,"href":"https:\/\/letempsmag.ma\/index.php?rest_route=%2Fwp%2Fv2%2Fcategories&post=37164"},{"taxonomy":"post_tag","embeddable":true,"href":"https:\/\/letempsmag.ma\/index.php?rest_route=%2Fwp%2Fv2%2Ftags&post=37164"}],"curies":[{"name":"wp","href":"https:\/\/api.w.org\/{rel}","templated":true}]}}